{"id":1093,"date":"2021-05-19T15:25:30","date_gmt":"2021-05-19T12:25:30","guid":{"rendered":"https:\/\/neymarjr.org\/?p=1093"},"modified":"2021-05-24T15:28:15","modified_gmt":"2021-05-24T12:28:15","slug":"monaco-psg-neymar-e-kimpembe-nao-jogarao-na-final","status":"publish","type":"post","link":"https:\/\/neymarjr.org\/pt-br\/news\/monaco-psg-neymar-e-kimpembe-nao-jogarao-na-final\/","title":{"rendered":"Monaco-PSG: Neymar e Kimpembe n\u00e3o jogar\u00e3o na final"},"content":{"rendered":"\n<p>O PSG estava esperando por uma boa not\u00edcia nesta quarta-feira \u00e0 tarde. O clube da capital havia apelado da suspens\u00e3o de Presnel Kimpembe e Neymar para a final da Copa da Fran\u00e7a contra M\u00f4naco. N\u00e3o \u00e9 este o caso. Os dois jogadores n\u00e3o jogar\u00e3o este jogo.<\/p>\n\n\n\n<p>O PSG n\u00e3o venceu o caso antes do CNOSF. A ger\u00eancia parisiense havia apreendido a comiss\u00e3o para cancelar as suspens\u00f5es. \u00c9 Le Parisien que diz que o conciliador que veio \u00e0 LFP prop\u00f4s duas partidas para Kimpembe (n\u00e3o o suficiente para jogar a final) mas para pedir ao PSG que respeite a decis\u00e3o sobre Neymar. Mauricio Pochettino n\u00e3o poder\u00e1 contar com dois elementos importantes hoje \u00e0 noite.<\/p>\n","protected":false},"excerpt":{"rendered":"<p>O PSG estava esperando por uma boa not\u00edcia nesta quarta-feira \u00e0 tarde. O clube da capital havia apelado da suspens\u00e3o de Presnel Kimpembe e Neymar &hellip; <\/p>\n","protected":false},"author":3,"featured_media":1089,"comment_status":"open","ping_status":"open","sticky":false,"template":"","format":"standard","meta":{"footnotes":""},"categories":[25,26],"tags":[],"class_list":["post-1093","post","type-post","status-publish","format-standard","has-post-thumbnail","hentry","category-news","category-news-pt-br"],"yoast_head":"<!-- This site is optimized with the Yoast SEO plugin v26.5 - https:\/\/yoast.com\/wordpress\/plugins\/seo\/ -->\n<title>Monaco-PSG : Neymar e Kimpembe n\u00e3o jogar\u00e3o a final<\/title>\n<meta name=\"description\" content=\"The club of the capital had appealed the suspension of Kimpembe and Neymar for the French Cup final. It is not the case. The two players will not play this game.\" \/>\n<meta name=\"robots\" content=\"index, follow, max-snippet:-1, max-image-preview:large, max-video-preview:-1\" \/>\n<link rel=\"canonical\" href=\"https:\/\/neymarjr.org\/pt-br\/news-pt-br\/monaco-psg-neymar-e-kimpembe-nao-jogarao-na-final\/\" \/>\n<meta property=\"og:locale\" content=\"pt_BR\" \/>\n<meta property=\"og:type\" content=\"article\" \/>\n<meta property=\"og:title\" content=\"Monaco-PSG : Neymar e Kimpembe n\u00e3o jogar\u00e3o a final\" \/>\n<meta property=\"og:description\" content=\"The club of the capital had appealed the suspension of Kimpembe and Neymar for the French Cup final. It is not the case. The two players will not play this game.\" \/>\n<meta property=\"og:url\" content=\"https:\/\/neymarjr.org\/pt-br\/news-pt-br\/monaco-psg-neymar-e-kimpembe-nao-jogarao-na-final\/\" \/>\n<meta property=\"og:site_name\" content=\"N\u0435ym\u0430r\" \/>\n<meta property=\"article:published_time\" content=\"2021-05-19T12:25:30+00:00\" \/>\n<meta property=\"article:modified_time\" content=\"2021-05-24T12:28:15+00:00\" \/>\n<meta property=\"og:image\" content=\"https:\/\/neymarjr.org\/wp-content\/uploads\/2021\/05\/Neymar-and-Kimpembe.jpg\" \/>\n\t<meta property=\"og:image:width\" content=\"478\" \/>\n\t<meta property=\"og:image:height\" content=\"325\" \/>\n\t<meta property=\"og:image:type\" content=\"image\/jpeg\" \/>\n<meta name=\"author\" content=\"Martim Caldeira\" \/>\n<meta name=\"twitter:card\" content=\"summary_large_image\" \/>\n<meta name=\"twitter:label1\" content=\"Escrito por\" \/>\n\t<meta name=\"twitter:data1\" content=\"Martim Caldeira\" \/>\n\t<meta name=\"twitter:label2\" content=\"Est. tempo de leitura\" \/>\n\t<meta name=\"twitter:data2\" content=\"1 minuto\" \/>\n<script type=\"application\/ld+json\" class=\"yoast-schema-graph\">{\"@context\":\"https:\/\/schema.org\",\"@graph\":[{\"@type\":\"Article\",\"@id\":\"https:\/\/neymarjr.org\/pt-br\/news-pt-br\/monaco-psg-neymar-e-kimpembe-nao-jogarao-na-final\/#article\",\"isPartOf\":{\"@id\":\"https:\/\/neymarjr.org\/pt-br\/news-pt-br\/monaco-psg-neymar-e-kimpembe-nao-jogarao-na-final\/\"},\"author\":{\"name\":\"Martim Caldeira\",\"@id\":\"https:\/\/neymarjr.org\/#\/schema\/person\/26b98c8504f22296c90e93fdfaae4058\"},\"headline\":\"Monaco-PSG: Neymar e Kimpembe n\u00e3o jogar\u00e3o na final\",\"datePublished\":\"2021-05-19T12:25:30+00:00\",\"dateModified\":\"2021-05-24T12:28:15+00:00\",\"mainEntityOfPage\":{\"@id\":\"https:\/\/neymarjr.org\/pt-br\/news-pt-br\/monaco-psg-neymar-e-kimpembe-nao-jogarao-na-final\/\"},\"wordCount\":133,\"commentCount\":0,\"publisher\":{\"@id\":\"https:\/\/neymarjr.org\/#organization\"},\"image\":{\"@id\":\"https:\/\/neymarjr.org\/pt-br\/news-pt-br\/monaco-psg-neymar-e-kimpembe-nao-jogarao-na-final\/#primaryimage\"},\"thumbnailUrl\":\"https:\/\/neymarjr.org\/wp-content\/uploads\/2021\/05\/Neymar-and-Kimpembe.jpg\",\"articleSection\":[\"Latest News\",\"\u00daltimas not\u00edcias\"],\"inLanguage\":\"pt-BR\",\"potentialAction\":[{\"@type\":\"CommentAction\",\"name\":\"Comment\",\"target\":[\"https:\/\/neymarjr.org\/pt-br\/news-pt-br\/monaco-psg-neymar-e-kimpembe-nao-jogarao-na-final\/#respond\"]}]},{\"@type\":\"WebPage\",\"@id\":\"https:\/\/neymarjr.org\/pt-br\/news-pt-br\/monaco-psg-neymar-e-kimpembe-nao-jogarao-na-final\/\",\"url\":\"https:\/\/neymarjr.org\/pt-br\/news-pt-br\/monaco-psg-neymar-e-kimpembe-nao-jogarao-na-final\/\",\"name\":\"Monaco-PSG : Neymar e Kimpembe n\u00e3o jogar\u00e3o a final\",\"isPartOf\":{\"@id\":\"https:\/\/neymarjr.org\/#website\"},\"primaryImageOfPage\":{\"@id\":\"https:\/\/neymarjr.org\/pt-br\/news-pt-br\/monaco-psg-neymar-e-kimpembe-nao-jogarao-na-final\/#primaryimage\"},\"image\":{\"@id\":\"https:\/\/neymarjr.org\/pt-br\/news-pt-br\/monaco-psg-neymar-e-kimpembe-nao-jogarao-na-final\/#primaryimage\"},\"thumbnailUrl\":\"https:\/\/neymarjr.org\/wp-content\/uploads\/2021\/05\/Neymar-and-Kimpembe.jpg\",\"datePublished\":\"2021-05-19T12:25:30+00:00\",\"dateModified\":\"2021-05-24T12:28:15+00:00\",\"description\":\"The club of the capital had appealed the suspension of Kimpembe and Neymar for the French Cup final. It is not the case. The two players will not play this game.\",\"breadcrumb\":{\"@id\":\"https:\/\/neymarjr.org\/pt-br\/news-pt-br\/monaco-psg-neymar-e-kimpembe-nao-jogarao-na-final\/#breadcrumb\"},\"inLanguage\":\"pt-BR\",\"potentialAction\":[{\"@type\":\"ReadAction\",\"target\":[\"https:\/\/neymarjr.org\/pt-br\/news-pt-br\/monaco-psg-neymar-e-kimpembe-nao-jogarao-na-final\/\"]}]},{\"@type\":\"ImageObject\",\"inLanguage\":\"pt-BR\",\"@id\":\"https:\/\/neymarjr.org\/pt-br\/news-pt-br\/monaco-psg-neymar-e-kimpembe-nao-jogarao-na-final\/#primaryimage\",\"url\":\"https:\/\/neymarjr.org\/wp-content\/uploads\/2021\/05\/Neymar-and-Kimpembe.jpg\",\"contentUrl\":\"https:\/\/neymarjr.org\/wp-content\/uploads\/2021\/05\/Neymar-and-Kimpembe.jpg\",\"width\":478,\"height\":325,\"caption\":\"Neymar and Kimpembe\"},{\"@type\":\"BreadcrumbList\",\"@id\":\"https:\/\/neymarjr.org\/pt-br\/news-pt-br\/monaco-psg-neymar-e-kimpembe-nao-jogarao-na-final\/#breadcrumb\",\"itemListElement\":[{\"@type\":\"ListItem\",\"position\":1,\"name\":\"Home\",\"item\":\"https:\/\/neymarjr.org\/\"},{\"@type\":\"ListItem\",\"position\":2,\"name\":\"Monaco-PSG: Neymar e Kimpembe n\u00e3o jogar\u00e3o na final\"}]},{\"@type\":\"WebSite\",\"@id\":\"https:\/\/neymarjr.org\/#website\",\"url\":\"https:\/\/neymarjr.org\/\",\"name\":\"N\u0435ym\u0430r\",\"description\":\"\",\"publisher\":{\"@id\":\"https:\/\/neymarjr.org\/#organization\"},\"potentialAction\":[{\"@type\":\"SearchAction\",\"target\":{\"@type\":\"EntryPoint\",\"urlTemplate\":\"https:\/\/neymarjr.org\/?s={search_term_string}\"},\"query-input\":{\"@type\":\"PropertyValueSpecification\",\"valueRequired\":true,\"valueName\":\"search_term_string\"}}],\"inLanguage\":\"pt-BR\"},{\"@type\":\"Organization\",\"@id\":\"https:\/\/neymarjr.org\/#organization\",\"name\":\"N\u0435ym\u0430r\",\"url\":\"https:\/\/neymarjr.org\/\",\"logo\":{\"@type\":\"ImageObject\",\"inLanguage\":\"pt-BR\",\"@id\":\"https:\/\/neymarjr.org\/#\/schema\/logo\/image\/\",\"url\":\"https:\/\/neymarjr.org\/wp-content\/uploads\/2021\/03\/Group-31.png\",\"contentUrl\":\"https:\/\/neymarjr.org\/wp-content\/uploads\/2021\/03\/Group-31.png\",\"width\":154,\"height\":36,\"caption\":\"N\u0435ym\u0430r\"},\"image\":{\"@id\":\"https:\/\/neymarjr.org\/#\/schema\/logo\/image\/\"}},{\"@type\":\"Person\",\"@id\":\"https:\/\/neymarjr.org\/#\/schema\/person\/26b98c8504f22296c90e93fdfaae4058\",\"name\":\"Martim Caldeira\",\"image\":{\"@type\":\"ImageObject\",\"inLanguage\":\"pt-BR\",\"@id\":\"https:\/\/neymarjr.org\/#\/schema\/person\/image\/\",\"url\":\"https:\/\/secure.gravatar.com\/avatar\/bd38ab5e85e236cce8c6cc20127c72e2ccb6e3cc22e51443b507b45166e23ce5?s=96&d=mm&r=g\",\"contentUrl\":\"https:\/\/secure.gravatar.com\/avatar\/bd38ab5e85e236cce8c6cc20127c72e2ccb6e3cc22e51443b507b45166e23ce5?s=96&d=mm&r=g\",\"caption\":\"Martim Caldeira\"},\"url\":\"https:\/\/neymarjr.org\/pt-br\/author\/seoswat\/\"}]}<\/script>\n<!-- \/ Yoast SEO plugin. -->","yoast_head_json":{"title":"Monaco-PSG : Neymar e Kimpembe n\u00e3o jogar\u00e3o a final","description":"The club of the capital had appealed the suspension of Kimpembe and Neymar for the French Cup final. It is not the case. The two players will not play this game.","robots":{"index":"index","follow":"follow","max-snippet":"max-snippet:-1","max-image-preview":"max-image-preview:large","max-video-preview":"max-video-preview:-1"},"canonical":"https:\/\/neymarjr.org\/pt-br\/news-pt-br\/monaco-psg-neymar-e-kimpembe-nao-jogarao-na-final\/","og_locale":"pt_BR","og_type":"article","og_title":"Monaco-PSG : Neymar e Kimpembe n\u00e3o jogar\u00e3o a final","og_description":"The club of the capital had appealed the suspension of Kimpembe and Neymar for the French Cup final. It is not the case. The two players will not play this game.","og_url":"https:\/\/neymarjr.org\/pt-br\/news-pt-br\/monaco-psg-neymar-e-kimpembe-nao-jogarao-na-final\/","og_site_name":"N\u0435ym\u0430r","article_published_time":"2021-05-19T12:25:30+00:00","article_modified_time":"2021-05-24T12:28:15+00:00","og_image":[{"width":478,"height":325,"url":"https:\/\/neymarjr.org\/wp-content\/uploads\/2021\/05\/Neymar-and-Kimpembe.jpg","type":"image\/jpeg"}],"author":"Martim Caldeira","twitter_card":"summary_large_image","twitter_misc":{"Escrito por":"Martim Caldeira","Est. tempo de leitura":"1 minuto"},"schema":{"@context":"https:\/\/schema.org","@graph":[{"@type":"Article","@id":"https:\/\/neymarjr.org\/pt-br\/news-pt-br\/monaco-psg-neymar-e-kimpembe-nao-jogarao-na-final\/#article","isPartOf":{"@id":"https:\/\/neymarjr.org\/pt-br\/news-pt-br\/monaco-psg-neymar-e-kimpembe-nao-jogarao-na-final\/"},"author":{"name":"Martim Caldeira","@id":"https:\/\/neymarjr.org\/#\/schema\/person\/26b98c8504f22296c90e93fdfaae4058"},"headline":"Monaco-PSG: Neymar e Kimpembe n\u00e3o jogar\u00e3o na final","datePublished":"2021-05-19T12:25:30+00:00","dateModified":"2021-05-24T12:28:15+00:00","mainEntityOfPage":{"@id":"https:\/\/neymarjr.org\/pt-br\/news-pt-br\/monaco-psg-neymar-e-kimpembe-nao-jogarao-na-final\/"},"wordCount":133,"commentCount":0,"publisher":{"@id":"https:\/\/neymarjr.org\/#organization"},"image":{"@id":"https:\/\/neymarjr.org\/pt-br\/news-pt-br\/monaco-psg-neymar-e-kimpembe-nao-jogarao-na-final\/#primaryimage"},"thumbnailUrl":"https:\/\/neymarjr.org\/wp-content\/uploads\/2021\/05\/Neymar-and-Kimpembe.jpg","articleSection":["Latest News","\u00daltimas not\u00edcias"],"inLanguage":"pt-BR","potentialAction":[{"@type":"CommentAction","name":"Comment","target":["https:\/\/neymarjr.org\/pt-br\/news-pt-br\/monaco-psg-neymar-e-kimpembe-nao-jogarao-na-final\/#respond"]}]},{"@type":"WebPage","@id":"https:\/\/neymarjr.org\/pt-br\/news-pt-br\/monaco-psg-neymar-e-kimpembe-nao-jogarao-na-final\/","url":"https:\/\/neymarjr.org\/pt-br\/news-pt-br\/monaco-psg-neymar-e-kimpembe-nao-jogarao-na-final\/","name":"Monaco-PSG : Neymar e Kimpembe n\u00e3o jogar\u00e3o a final","isPartOf":{"@id":"https:\/\/neymarjr.org\/#website"},"primaryImageOfPage":{"@id":"https:\/\/neymarjr.org\/pt-br\/news-pt-br\/monaco-psg-neymar-e-kimpembe-nao-jogarao-na-final\/#primaryimage"},"image":{"@id":"https:\/\/neymarjr.org\/pt-br\/news-pt-br\/monaco-psg-neymar-e-kimpembe-nao-jogarao-na-final\/#primaryimage"},"thumbnailUrl":"https:\/\/neymarjr.org\/wp-content\/uploads\/2021\/05\/Neymar-and-Kimpembe.jpg","datePublished":"2021-05-19T12:25:30+00:00","dateModified":"2021-05-24T12:28:15+00:00","description":"The club of the capital had appealed the suspension of Kimpembe and Neymar for the French Cup final. It is not the case. The two players will not play this game.","breadcrumb":{"@id":"https:\/\/neymarjr.org\/pt-br\/news-pt-br\/monaco-psg-neymar-e-kimpembe-nao-jogarao-na-final\/#breadcrumb"},"inLanguage":"pt-BR","potentialAction":[{"@type":"ReadAction","target":["https:\/\/neymarjr.org\/pt-br\/news-pt-br\/monaco-psg-neymar-e-kimpembe-nao-jogarao-na-final\/"]}]},{"@type":"ImageObject","inLanguage":"pt-BR","@id":"https:\/\/neymarjr.org\/pt-br\/news-pt-br\/monaco-psg-neymar-e-kimpembe-nao-jogarao-na-final\/#primaryimage","url":"https:\/\/neymarjr.org\/wp-content\/uploads\/2021\/05\/Neymar-and-Kimpembe.jpg","contentUrl":"https:\/\/neymarjr.org\/wp-content\/uploads\/2021\/05\/Neymar-and-Kimpembe.jpg","width":478,"height":325,"caption":"Neymar and Kimpembe"},{"@type":"BreadcrumbList","@id":"https:\/\/neymarjr.org\/pt-br\/news-pt-br\/monaco-psg-neymar-e-kimpembe-nao-jogarao-na-final\/#breadcrumb","itemListElement":[{"@type":"ListItem","position":1,"name":"Home","item":"https:\/\/neymarjr.org\/"},{"@type":"ListItem","position":2,"name":"Monaco-PSG: Neymar e Kimpembe n\u00e3o jogar\u00e3o na final"}]},{"@type":"WebSite","@id":"https:\/\/neymarjr.org\/#website","url":"https:\/\/neymarjr.org\/","name":"N\u0435ym\u0430r","description":"","publisher":{"@id":"https:\/\/neymarjr.org\/#organization"},"potentialAction":[{"@type":"SearchAction","target":{"@type":"EntryPoint","urlTemplate":"https:\/\/neymarjr.org\/?s={search_term_string}"},"query-input":{"@type":"PropertyValueSpecification","valueRequired":true,"valueName":"search_term_string"}}],"inLanguage":"pt-BR"},{"@type":"Organization","@id":"https:\/\/neymarjr.org\/#organization","name":"N\u0435ym\u0430r","url":"https:\/\/neymarjr.org\/","logo":{"@type":"ImageObject","inLanguage":"pt-BR","@id":"https:\/\/neymarjr.org\/#\/schema\/logo\/image\/","url":"https:\/\/neymarjr.org\/wp-content\/uploads\/2021\/03\/Group-31.png","contentUrl":"https:\/\/neymarjr.org\/wp-content\/uploads\/2021\/03\/Group-31.png","width":154,"height":36,"caption":"N\u0435ym\u0430r"},"image":{"@id":"https:\/\/neymarjr.org\/#\/schema\/logo\/image\/"}},{"@type":"Person","@id":"https:\/\/neymarjr.org\/#\/schema\/person\/26b98c8504f22296c90e93fdfaae4058","name":"Martim Caldeira","image":{"@type":"ImageObject","inLanguage":"pt-BR","@id":"https:\/\/neymarjr.org\/#\/schema\/person\/image\/","url":"https:\/\/secure.gravatar.com\/avatar\/bd38ab5e85e236cce8c6cc20127c72e2ccb6e3cc22e51443b507b45166e23ce5?s=96&d=mm&r=g","contentUrl":"https:\/\/secure.gravatar.com\/avatar\/bd38ab5e85e236cce8c6cc20127c72e2ccb6e3cc22e51443b507b45166e23ce5?s=96&d=mm&r=g","caption":"Martim Caldeira"},"url":"https:\/\/neymarjr.org\/pt-br\/author\/seoswat\/"}]}},"_links":{"self":[{"href":"https:\/\/neymarjr.org\/pt-br\/wp-json\/wp\/v2\/posts\/1093","targetHints":{"allow":["GET"]}}],"collection":[{"href":"https:\/\/neymarjr.org\/pt-br\/wp-json\/wp\/v2\/posts"}],"about":[{"href":"https:\/\/neymarjr.org\/pt-br\/wp-json\/wp\/v2\/types\/post"}],"author":[{"embeddable":true,"href":"https:\/\/neymarjr.org\/pt-br\/wp-json\/wp\/v2\/users\/3"}],"replies":[{"embeddable":true,"href":"https:\/\/neymarjr.org\/pt-br\/wp-json\/wp\/v2\/comments?post=1093"}],"version-history":[{"count":1,"href":"https:\/\/neymarjr.org\/pt-br\/wp-json\/wp\/v2\/posts\/1093\/revisions"}],"predecessor-version":[{"id":1095,"href":"https:\/\/neymarjr.org\/pt-br\/wp-json\/wp\/v2\/posts\/1093\/revisions\/1095"}],"wp:featuredmedia":[{"embeddable":true,"href":"https:\/\/neymarjr.org\/pt-br\/wp-json\/wp\/v2\/media\/1089"}],"wp:attachment":[{"href":"https:\/\/neymarjr.org\/pt-br\/wp-json\/wp\/v2\/media?parent=1093"}],"wp:term":[{"taxonomy":"category","embeddable":true,"href":"https:\/\/neymarjr.org\/pt-br\/wp-json\/wp\/v2\/categories?post=1093"},{"taxonomy":"post_tag","embeddable":true,"href":"https:\/\/neymarjr.org\/pt-br\/wp-json\/wp\/v2\/tags?post=1093"}],"curies":[{"name":"wp","href":"https:\/\/api.w.org\/{rel}","templated":true}]}}