{"id":1193,"date":"2021-05-08T18:47:11","date_gmt":"2021-05-08T15:47:11","guid":{"rendered":"https:\/\/neymarjr.org\/?p=1193"},"modified":"2021-05-24T18:48:44","modified_gmt":"2021-05-24T15:48:44","slug":"o-salario-de-neymar-sob-novo-contrato-com-o-psg-conhecido","status":"publish","type":"post","link":"https:\/\/neymarjr.org\/pt-br\/news-pt-br\/o-salario-de-neymar-sob-novo-contrato-com-o-psg-conhecido\/","title":{"rendered":"O sal\u00e1rio de Neymar sob novo contrato com o PSG conhecido"},"content":{"rendered":"\n<p>Como noticiado anteriormente, Neymar prorrogar\u00e1 seu contrato com o PSG at\u00e9 junho de 2026. Agora, o reputado membro italiano Fabrizio Romano revelou detalhes do novo acordo do atacante brasileiro com o clube.<\/p>\n\n\n\n<p>O sal\u00e1rio de Neymar ser\u00e1 de 30 milh\u00f5es de euros por ano &#8220;l\u00edquidos&#8221; (depois dos impostos) mais b\u00f4nus. Um enorme b\u00f4nus \u00e9 estipulado para o PSG ganhar a Liga dos Campe\u00f5es.<\/p>\n\n\n\n<p>O an\u00fancio oficial da prorroga\u00e7\u00e3o do contrato \u00e9 esperado em um futuro pr\u00f3ximo, muito provavelmente j\u00e1 hoje.<\/p>\n","protected":false},"excerpt":{"rendered":"<p>Como noticiado anteriormente, Neymar prorrogar\u00e1 seu contrato com o PSG at\u00e9 junho de 2026. Agora, o reputado membro italiano Fabrizio Romano revelou detalhes do novo &hellip; <\/p>\n","protected":false},"author":3,"featured_media":1160,"comment_status":"open","ping_status":"open","sticky":false,"template":"","format":"standard","meta":{"footnotes":""},"categories":[26],"tags":[],"class_list":["post-1193","post","type-post","status-publish","format-standard","has-post-thumbnail","hentry","category-news-pt-br"],"yoast_head":"<!-- This site is optimized with the Yoast SEO plugin v26.5 - https:\/\/yoast.com\/wordpress\/plugins\/seo\/ -->\n<title>O sal\u00e1rio de Neymar sob novo contrato com o PSG conhecido<\/title>\n<meta name=\"description\" content=\"Adiantamento brasileiro para prorrogar contrato com o PSG.\" \/>\n<meta name=\"robots\" content=\"index, follow, max-snippet:-1, max-image-preview:large, max-video-preview:-1\" \/>\n<link rel=\"canonical\" href=\"https:\/\/neymarjr.org\/pt-br\/news-pt-br\/o-salario-de-neymar-sob-novo-contrato-com-o-psg-conhecido\/\" \/>\n<meta property=\"og:locale\" content=\"pt_BR\" \/>\n<meta property=\"og:type\" content=\"article\" \/>\n<meta property=\"og:title\" content=\"O sal\u00e1rio de Neymar sob novo contrato com o PSG conhecido\" \/>\n<meta property=\"og:description\" content=\"Adiantamento brasileiro para prorrogar contrato com o PSG.\" \/>\n<meta property=\"og:url\" content=\"https:\/\/neymarjr.org\/pt-br\/news-pt-br\/o-salario-de-neymar-sob-novo-contrato-com-o-psg-conhecido\/\" \/>\n<meta property=\"og:site_name\" content=\"N\u0435ym\u0430r\" \/>\n<meta property=\"article:published_time\" content=\"2021-05-08T15:47:11+00:00\" \/>\n<meta property=\"article:modified_time\" content=\"2021-05-24T15:48:44+00:00\" \/>\n<meta property=\"og:image\" content=\"https:\/\/neymarjr.org\/wp-content\/uploads\/2021\/05\/neymar-psg.jpg\" \/>\n\t<meta property=\"og:image:width\" content=\"1000\" \/>\n\t<meta property=\"og:image:height\" content=\"664\" \/>\n\t<meta property=\"og:image:type\" content=\"image\/jpeg\" \/>\n<meta name=\"author\" content=\"Martim Caldeira\" \/>\n<meta name=\"twitter:card\" content=\"summary_large_image\" \/>\n<meta name=\"twitter:label1\" content=\"Escrito por\" \/>\n\t<meta name=\"twitter:data1\" content=\"Martim Caldeira\" \/>\n<script type=\"application\/ld+json\" class=\"yoast-schema-graph\">{\"@context\":\"https:\/\/schema.org\",\"@graph\":[{\"@type\":\"Article\",\"@id\":\"https:\/\/neymarjr.org\/pt-br\/news-pt-br\/o-salario-de-neymar-sob-novo-contrato-com-o-psg-conhecido\/#article\",\"isPartOf\":{\"@id\":\"https:\/\/neymarjr.org\/pt-br\/news-pt-br\/o-salario-de-neymar-sob-novo-contrato-com-o-psg-conhecido\/\"},\"author\":{\"name\":\"Martim Caldeira\",\"@id\":\"https:\/\/neymarjr.org\/#\/schema\/person\/26b98c8504f22296c90e93fdfaae4058\"},\"headline\":\"O sal\u00e1rio de Neymar sob novo contrato com o PSG conhecido\",\"datePublished\":\"2021-05-08T15:47:11+00:00\",\"dateModified\":\"2021-05-24T15:48:44+00:00\",\"mainEntityOfPage\":{\"@id\":\"https:\/\/neymarjr.org\/pt-br\/news-pt-br\/o-salario-de-neymar-sob-novo-contrato-com-o-psg-conhecido\/\"},\"wordCount\":97,\"commentCount\":0,\"publisher\":{\"@id\":\"https:\/\/neymarjr.org\/#organization\"},\"image\":{\"@id\":\"https:\/\/neymarjr.org\/pt-br\/news-pt-br\/o-salario-de-neymar-sob-novo-contrato-com-o-psg-conhecido\/#primaryimage\"},\"thumbnailUrl\":\"https:\/\/neymarjr.org\/wp-content\/uploads\/2021\/05\/neymar-psg.jpg\",\"articleSection\":[\"\u00daltimas not\u00edcias\"],\"inLanguage\":\"pt-BR\",\"potentialAction\":[{\"@type\":\"CommentAction\",\"name\":\"Comment\",\"target\":[\"https:\/\/neymarjr.org\/pt-br\/news-pt-br\/o-salario-de-neymar-sob-novo-contrato-com-o-psg-conhecido\/#respond\"]}]},{\"@type\":\"WebPage\",\"@id\":\"https:\/\/neymarjr.org\/pt-br\/news-pt-br\/o-salario-de-neymar-sob-novo-contrato-com-o-psg-conhecido\/\",\"url\":\"https:\/\/neymarjr.org\/pt-br\/news-pt-br\/o-salario-de-neymar-sob-novo-contrato-com-o-psg-conhecido\/\",\"name\":\"O sal\u00e1rio de Neymar sob novo contrato com o PSG conhecido\",\"isPartOf\":{\"@id\":\"https:\/\/neymarjr.org\/#website\"},\"primaryImageOfPage\":{\"@id\":\"https:\/\/neymarjr.org\/pt-br\/news-pt-br\/o-salario-de-neymar-sob-novo-contrato-com-o-psg-conhecido\/#primaryimage\"},\"image\":{\"@id\":\"https:\/\/neymarjr.org\/pt-br\/news-pt-br\/o-salario-de-neymar-sob-novo-contrato-com-o-psg-conhecido\/#primaryimage\"},\"thumbnailUrl\":\"https:\/\/neymarjr.org\/wp-content\/uploads\/2021\/05\/neymar-psg.jpg\",\"datePublished\":\"2021-05-08T15:47:11+00:00\",\"dateModified\":\"2021-05-24T15:48:44+00:00\",\"description\":\"Adiantamento brasileiro para prorrogar contrato com o PSG.\",\"breadcrumb\":{\"@id\":\"https:\/\/neymarjr.org\/pt-br\/news-pt-br\/o-salario-de-neymar-sob-novo-contrato-com-o-psg-conhecido\/#breadcrumb\"},\"inLanguage\":\"pt-BR\",\"potentialAction\":[{\"@type\":\"ReadAction\",\"target\":[\"https:\/\/neymarjr.org\/pt-br\/news-pt-br\/o-salario-de-neymar-sob-novo-contrato-com-o-psg-conhecido\/\"]}]},{\"@type\":\"ImageObject\",\"inLanguage\":\"pt-BR\",\"@id\":\"https:\/\/neymarjr.org\/pt-br\/news-pt-br\/o-salario-de-neymar-sob-novo-contrato-com-o-psg-conhecido\/#primaryimage\",\"url\":\"https:\/\/neymarjr.org\/wp-content\/uploads\/2021\/05\/neymar-psg.jpg\",\"contentUrl\":\"https:\/\/neymarjr.org\/wp-content\/uploads\/2021\/05\/neymar-psg.jpg\",\"width\":1000,\"height\":664,\"caption\":\"neymar psg\"},{\"@type\":\"BreadcrumbList\",\"@id\":\"https:\/\/neymarjr.org\/pt-br\/news-pt-br\/o-salario-de-neymar-sob-novo-contrato-com-o-psg-conhecido\/#breadcrumb\",\"itemListElement\":[{\"@type\":\"ListItem\",\"position\":1,\"name\":\"Home\",\"item\":\"https:\/\/neymarjr.org\/\"},{\"@type\":\"ListItem\",\"position\":2,\"name\":\"O sal\u00e1rio de Neymar sob novo contrato com o PSG conhecido\"}]},{\"@type\":\"WebSite\",\"@id\":\"https:\/\/neymarjr.org\/#website\",\"url\":\"https:\/\/neymarjr.org\/\",\"name\":\"N\u0435ym\u0430r\",\"description\":\"\",\"publisher\":{\"@id\":\"https:\/\/neymarjr.org\/#organization\"},\"potentialAction\":[{\"@type\":\"SearchAction\",\"target\":{\"@type\":\"EntryPoint\",\"urlTemplate\":\"https:\/\/neymarjr.org\/?s={search_term_string}\"},\"query-input\":{\"@type\":\"PropertyValueSpecification\",\"valueRequired\":true,\"valueName\":\"search_term_string\"}}],\"inLanguage\":\"pt-BR\"},{\"@type\":\"Organization\",\"@id\":\"https:\/\/neymarjr.org\/#organization\",\"name\":\"N\u0435ym\u0430r\",\"url\":\"https:\/\/neymarjr.org\/\",\"logo\":{\"@type\":\"ImageObject\",\"inLanguage\":\"pt-BR\",\"@id\":\"https:\/\/neymarjr.org\/#\/schema\/logo\/image\/\",\"url\":\"https:\/\/neymarjr.org\/wp-content\/uploads\/2021\/03\/Group-31.png\",\"contentUrl\":\"https:\/\/neymarjr.org\/wp-content\/uploads\/2021\/03\/Group-31.png\",\"width\":154,\"height\":36,\"caption\":\"N\u0435ym\u0430r\"},\"image\":{\"@id\":\"https:\/\/neymarjr.org\/#\/schema\/logo\/image\/\"}},{\"@type\":\"Person\",\"@id\":\"https:\/\/neymarjr.org\/#\/schema\/person\/26b98c8504f22296c90e93fdfaae4058\",\"name\":\"Martim Caldeira\",\"image\":{\"@type\":\"ImageObject\",\"inLanguage\":\"pt-BR\",\"@id\":\"https:\/\/neymarjr.org\/#\/schema\/person\/image\/\",\"url\":\"https:\/\/secure.gravatar.com\/avatar\/bd38ab5e85e236cce8c6cc20127c72e2ccb6e3cc22e51443b507b45166e23ce5?s=96&d=mm&r=g\",\"contentUrl\":\"https:\/\/secure.gravatar.com\/avatar\/bd38ab5e85e236cce8c6cc20127c72e2ccb6e3cc22e51443b507b45166e23ce5?s=96&d=mm&r=g\",\"caption\":\"Martim Caldeira\"},\"url\":\"https:\/\/neymarjr.org\/pt-br\/author\/seoswat\/\"}]}<\/script>\n<!-- \/ Yoast SEO plugin. -->","yoast_head_json":{"title":"O sal\u00e1rio de Neymar sob novo contrato com o PSG conhecido","description":"Adiantamento brasileiro para prorrogar contrato com o PSG.","robots":{"index":"index","follow":"follow","max-snippet":"max-snippet:-1","max-image-preview":"max-image-preview:large","max-video-preview":"max-video-preview:-1"},"canonical":"https:\/\/neymarjr.org\/pt-br\/news-pt-br\/o-salario-de-neymar-sob-novo-contrato-com-o-psg-conhecido\/","og_locale":"pt_BR","og_type":"article","og_title":"O sal\u00e1rio de Neymar sob novo contrato com o PSG conhecido","og_description":"Adiantamento brasileiro para prorrogar contrato com o PSG.","og_url":"https:\/\/neymarjr.org\/pt-br\/news-pt-br\/o-salario-de-neymar-sob-novo-contrato-com-o-psg-conhecido\/","og_site_name":"N\u0435ym\u0430r","article_published_time":"2021-05-08T15:47:11+00:00","article_modified_time":"2021-05-24T15:48:44+00:00","og_image":[{"width":1000,"height":664,"url":"https:\/\/neymarjr.org\/wp-content\/uploads\/2021\/05\/neymar-psg.jpg","type":"image\/jpeg"}],"author":"Martim Caldeira","twitter_card":"summary_large_image","twitter_misc":{"Escrito por":"Martim Caldeira"},"schema":{"@context":"https:\/\/schema.org","@graph":[{"@type":"Article","@id":"https:\/\/neymarjr.org\/pt-br\/news-pt-br\/o-salario-de-neymar-sob-novo-contrato-com-o-psg-conhecido\/#article","isPartOf":{"@id":"https:\/\/neymarjr.org\/pt-br\/news-pt-br\/o-salario-de-neymar-sob-novo-contrato-com-o-psg-conhecido\/"},"author":{"name":"Martim Caldeira","@id":"https:\/\/neymarjr.org\/#\/schema\/person\/26b98c8504f22296c90e93fdfaae4058"},"headline":"O sal\u00e1rio de Neymar sob novo contrato com o PSG conhecido","datePublished":"2021-05-08T15:47:11+00:00","dateModified":"2021-05-24T15:48:44+00:00","mainEntityOfPage":{"@id":"https:\/\/neymarjr.org\/pt-br\/news-pt-br\/o-salario-de-neymar-sob-novo-contrato-com-o-psg-conhecido\/"},"wordCount":97,"commentCount":0,"publisher":{"@id":"https:\/\/neymarjr.org\/#organization"},"image":{"@id":"https:\/\/neymarjr.org\/pt-br\/news-pt-br\/o-salario-de-neymar-sob-novo-contrato-com-o-psg-conhecido\/#primaryimage"},"thumbnailUrl":"https:\/\/neymarjr.org\/wp-content\/uploads\/2021\/05\/neymar-psg.jpg","articleSection":["\u00daltimas not\u00edcias"],"inLanguage":"pt-BR","potentialAction":[{"@type":"CommentAction","name":"Comment","target":["https:\/\/neymarjr.org\/pt-br\/news-pt-br\/o-salario-de-neymar-sob-novo-contrato-com-o-psg-conhecido\/#respond"]}]},{"@type":"WebPage","@id":"https:\/\/neymarjr.org\/pt-br\/news-pt-br\/o-salario-de-neymar-sob-novo-contrato-com-o-psg-conhecido\/","url":"https:\/\/neymarjr.org\/pt-br\/news-pt-br\/o-salario-de-neymar-sob-novo-contrato-com-o-psg-conhecido\/","name":"O sal\u00e1rio de Neymar sob novo contrato com o PSG conhecido","isPartOf":{"@id":"https:\/\/neymarjr.org\/#website"},"primaryImageOfPage":{"@id":"https:\/\/neymarjr.org\/pt-br\/news-pt-br\/o-salario-de-neymar-sob-novo-contrato-com-o-psg-conhecido\/#primaryimage"},"image":{"@id":"https:\/\/neymarjr.org\/pt-br\/news-pt-br\/o-salario-de-neymar-sob-novo-contrato-com-o-psg-conhecido\/#primaryimage"},"thumbnailUrl":"https:\/\/neymarjr.org\/wp-content\/uploads\/2021\/05\/neymar-psg.jpg","datePublished":"2021-05-08T15:47:11+00:00","dateModified":"2021-05-24T15:48:44+00:00","description":"Adiantamento brasileiro para prorrogar contrato com o PSG.","breadcrumb":{"@id":"https:\/\/neymarjr.org\/pt-br\/news-pt-br\/o-salario-de-neymar-sob-novo-contrato-com-o-psg-conhecido\/#breadcrumb"},"inLanguage":"pt-BR","potentialAction":[{"@type":"ReadAction","target":["https:\/\/neymarjr.org\/pt-br\/news-pt-br\/o-salario-de-neymar-sob-novo-contrato-com-o-psg-conhecido\/"]}]},{"@type":"ImageObject","inLanguage":"pt-BR","@id":"https:\/\/neymarjr.org\/pt-br\/news-pt-br\/o-salario-de-neymar-sob-novo-contrato-com-o-psg-conhecido\/#primaryimage","url":"https:\/\/neymarjr.org\/wp-content\/uploads\/2021\/05\/neymar-psg.jpg","contentUrl":"https:\/\/neymarjr.org\/wp-content\/uploads\/2021\/05\/neymar-psg.jpg","width":1000,"height":664,"caption":"neymar psg"},{"@type":"BreadcrumbList","@id":"https:\/\/neymarjr.org\/pt-br\/news-pt-br\/o-salario-de-neymar-sob-novo-contrato-com-o-psg-conhecido\/#breadcrumb","itemListElement":[{"@type":"ListItem","position":1,"name":"Home","item":"https:\/\/neymarjr.org\/"},{"@type":"ListItem","position":2,"name":"O sal\u00e1rio de Neymar sob novo contrato com o PSG conhecido"}]},{"@type":"WebSite","@id":"https:\/\/neymarjr.org\/#website","url":"https:\/\/neymarjr.org\/","name":"N\u0435ym\u0430r","description":"","publisher":{"@id":"https:\/\/neymarjr.org\/#organization"},"potentialAction":[{"@type":"SearchAction","target":{"@type":"EntryPoint","urlTemplate":"https:\/\/neymarjr.org\/?s={search_term_string}"},"query-input":{"@type":"PropertyValueSpecification","valueRequired":true,"valueName":"search_term_string"}}],"inLanguage":"pt-BR"},{"@type":"Organization","@id":"https:\/\/neymarjr.org\/#organization","name":"N\u0435ym\u0430r","url":"https:\/\/neymarjr.org\/","logo":{"@type":"ImageObject","inLanguage":"pt-BR","@id":"https:\/\/neymarjr.org\/#\/schema\/logo\/image\/","url":"https:\/\/neymarjr.org\/wp-content\/uploads\/2021\/03\/Group-31.png","contentUrl":"https:\/\/neymarjr.org\/wp-content\/uploads\/2021\/03\/Group-31.png","width":154,"height":36,"caption":"N\u0435ym\u0430r"},"image":{"@id":"https:\/\/neymarjr.org\/#\/schema\/logo\/image\/"}},{"@type":"Person","@id":"https:\/\/neymarjr.org\/#\/schema\/person\/26b98c8504f22296c90e93fdfaae4058","name":"Martim Caldeira","image":{"@type":"ImageObject","inLanguage":"pt-BR","@id":"https:\/\/neymarjr.org\/#\/schema\/person\/image\/","url":"https:\/\/secure.gravatar.com\/avatar\/bd38ab5e85e236cce8c6cc20127c72e2ccb6e3cc22e51443b507b45166e23ce5?s=96&d=mm&r=g","contentUrl":"https:\/\/secure.gravatar.com\/avatar\/bd38ab5e85e236cce8c6cc20127c72e2ccb6e3cc22e51443b507b45166e23ce5?s=96&d=mm&r=g","caption":"Martim Caldeira"},"url":"https:\/\/neymarjr.org\/pt-br\/author\/seoswat\/"}]}},"_links":{"self":[{"href":"https:\/\/neymarjr.org\/pt-br\/wp-json\/wp\/v2\/posts\/1193","targetHints":{"allow":["GET"]}}],"collection":[{"href":"https:\/\/neymarjr.org\/pt-br\/wp-json\/wp\/v2\/posts"}],"about":[{"href":"https:\/\/neymarjr.org\/pt-br\/wp-json\/wp\/v2\/types\/post"}],"author":[{"embeddable":true,"href":"https:\/\/neymarjr.org\/pt-br\/wp-json\/wp\/v2\/users\/3"}],"replies":[{"embeddable":true,"href":"https:\/\/neymarjr.org\/pt-br\/wp-json\/wp\/v2\/comments?post=1193"}],"version-history":[{"count":1,"href":"https:\/\/neymarjr.org\/pt-br\/wp-json\/wp\/v2\/posts\/1193\/revisions"}],"predecessor-version":[{"id":1196,"href":"https:\/\/neymarjr.org\/pt-br\/wp-json\/wp\/v2\/posts\/1193\/revisions\/1196"}],"wp:featuredmedia":[{"embeddable":true,"href":"https:\/\/neymarjr.org\/pt-br\/wp-json\/wp\/v2\/media\/1160"}],"wp:attachment":[{"href":"https:\/\/neymarjr.org\/pt-br\/wp-json\/wp\/v2\/media?parent=1193"}],"wp:term":[{"taxonomy":"category","embeddable":true,"href":"https:\/\/neymarjr.org\/pt-br\/wp-json\/wp\/v2\/categories?post=1193"},{"taxonomy":"post_tag","embeddable":true,"href":"https:\/\/neymarjr.org\/pt-br\/wp-json\/wp\/v2\/tags?post=1193"}],"curies":[{"name":"wp","href":"https:\/\/api.w.org\/{rel}","templated":true}]}}