{"id":1356,"date":"2021-05-28T16:19:23","date_gmt":"2021-05-28T13:19:23","guid":{"rendered":"https:\/\/neymarjr.org\/?p=1356"},"modified":"2021-05-28T16:19:24","modified_gmt":"2021-05-28T13:19:24","slug":"neymar-sr-meu-filho-e-injustamente-acusado","status":"publish","type":"post","link":"https:\/\/neymarjr.org\/pt-br\/privado\/familia\/neymar-sr-meu-filho-e-injustamente-acusado\/","title":{"rendered":"Neymar Sr: &#8220;Meu filho \u00e9 injustamente acusado&#8221;"},"content":{"rendered":"\n<p>Ap\u00f3s 13 anos de colabora\u00e7\u00e3o, a <a href=\"https:\/\/neymarjr.org\/news\/a-dirty-story-behind-the-neymar-nike-split\/\">Nike encerrou o contrato da Neymar<\/a> em 31 de agosto (29 anos, 31 jogos e 17 gols em todas as competi\u00e7\u00f5es desta temporada). Nenhuma explica\u00e7\u00e3o foi dada na \u00e9poca para justificar esta interrup\u00e7\u00e3o inesperada. Mas nesta sexta-feira, a empresa americana disse mais. &#8220;A Nike encerrou sua parceria com o atleta porque se recusou a cooperar com uma investiga\u00e7\u00e3o de boa-f\u00e9 sobre alega\u00e7\u00f5es confi\u00e1veis de m\u00e1 conduta por parte de um funcion\u00e1rio&#8221;, disse a marca em uma declara\u00e7\u00e3o em estilo de v\u00edrgula \u00e0 AFP.<\/p>\n\n\n\n<p>Segundo o Wall Street Journal, um funcion\u00e1rio da Nike acusou uma estrela brasileira de agredi-la sexualmente em 2016 em um evento promocional na cidade de Nova York. Depois disso, Auriwerde teria se recusado a cooperar com a investiga\u00e7\u00e3o, que vem sendo realizada desde 2019.<\/p>\n\n\n\n<p>O pai de Neymar rejeitou as acusa\u00e7\u00f5es, culpando a marca americana.<\/p>\n\n\n\n<blockquote class=\"wp-block-quote is-layout-flow wp-block-quote-is-layout-flow\"><p>&#8220;Como podem sair not\u00edcias como esta, ele nem sequer conhece esta garota&#8221;. Isto est\u00e1 vindo da Nike. \u00c9 muito estranho, todos eles deixam a Nike e s\u00e3o acusados de coisas como esta. Aconteceu com Cristiano Ronaldo, com o cara do basquete que morreu, Kobe (Bryant), eles foram difamados, como se Neymar estivesse sendo injustamente acusado agora&#8221;.<\/p><cite> Neymar Sr. disse ao jornal Folha de S\u00e3o Paulo. <\/cite><\/blockquote>\n","protected":false},"excerpt":{"rendered":"<p>Ap\u00f3s 13 anos de colabora\u00e7\u00e3o, a Nike encerrou o contrato da Neymar em 31 de agosto (29 anos, 31 jogos e 17 gols em todas &hellip; <\/p>\n","protected":false},"author":3,"featured_media":1354,"comment_status":"open","ping_status":"open","sticky":false,"template":"","format":"standard","meta":{"footnotes":""},"categories":[17],"tags":[],"class_list":["post-1356","post","type-post","status-publish","format-standard","has-post-thumbnail","hentry","category-familia"],"yoast_head":"<!-- This site is optimized with the Yoast SEO plugin v26.5 - https:\/\/yoast.com\/wordpress\/plugins\/seo\/ -->\n<title>Neymar Sr. defendeu seu filho contra as acusa\u00e7\u00f5es feitas pela Nike<\/title>\n<meta name=\"description\" content=\"O pai de Neymar disse o que ele pensava das acusa\u00e7\u00f5es feitas contra seu filho - &quot;Todos deixam a Nike e s\u00e3o acusados de coisas assim&quot;.\" \/>\n<meta name=\"robots\" content=\"index, follow, max-snippet:-1, max-image-preview:large, max-video-preview:-1\" \/>\n<link rel=\"canonical\" href=\"https:\/\/neymarjr.org\/pt-br\/privado\/familia\/neymar-sr-meu-filho-e-injustamente-acusado\/\" \/>\n<meta property=\"og:locale\" content=\"pt_BR\" \/>\n<meta property=\"og:type\" content=\"article\" \/>\n<meta property=\"og:title\" content=\"Neymar Sr. defendeu seu filho contra as acusa\u00e7\u00f5es feitas pela Nike\" \/>\n<meta property=\"og:description\" content=\"O pai de Neymar disse o que ele pensava das acusa\u00e7\u00f5es feitas contra seu filho - &quot;Todos deixam a Nike e s\u00e3o acusados de coisas assim&quot;.\" \/>\n<meta property=\"og:url\" content=\"https:\/\/neymarjr.org\/pt-br\/privado\/familia\/neymar-sr-meu-filho-e-injustamente-acusado\/\" \/>\n<meta property=\"og:site_name\" content=\"N\u0435ym\u0430r\" \/>\n<meta property=\"article:published_time\" content=\"2021-05-28T13:19:23+00:00\" \/>\n<meta property=\"article:modified_time\" content=\"2021-05-28T13:19:24+00:00\" \/>\n<meta property=\"og:image\" content=\"https:\/\/neymarjr.org\/wp-content\/uploads\/2021\/05\/Neymar-with-father.jpg\" \/>\n\t<meta property=\"og:image:width\" content=\"683\" \/>\n\t<meta property=\"og:image:height\" content=\"409\" \/>\n\t<meta property=\"og:image:type\" content=\"image\/jpeg\" \/>\n<meta name=\"author\" content=\"Martim Caldeira\" \/>\n<meta name=\"twitter:card\" content=\"summary_large_image\" \/>\n<meta name=\"twitter:label1\" content=\"Escrito por\" \/>\n\t<meta name=\"twitter:data1\" content=\"Martim Caldeira\" \/>\n\t<meta name=\"twitter:label2\" content=\"Est. tempo de leitura\" \/>\n\t<meta name=\"twitter:data2\" content=\"1 minuto\" \/>\n<script type=\"application\/ld+json\" class=\"yoast-schema-graph\">{\"@context\":\"https:\/\/schema.org\",\"@graph\":[{\"@type\":\"Article\",\"@id\":\"https:\/\/neymarjr.org\/pt-br\/privado\/familia\/neymar-sr-meu-filho-e-injustamente-acusado\/#article\",\"isPartOf\":{\"@id\":\"https:\/\/neymarjr.org\/pt-br\/privado\/familia\/neymar-sr-meu-filho-e-injustamente-acusado\/\"},\"author\":{\"name\":\"Martim Caldeira\",\"@id\":\"https:\/\/neymarjr.org\/#\/schema\/person\/26b98c8504f22296c90e93fdfaae4058\"},\"headline\":\"Neymar Sr: &#8220;Meu filho \u00e9 injustamente acusado&#8221;\",\"datePublished\":\"2021-05-28T13:19:23+00:00\",\"dateModified\":\"2021-05-28T13:19:24+00:00\",\"mainEntityOfPage\":{\"@id\":\"https:\/\/neymarjr.org\/pt-br\/privado\/familia\/neymar-sr-meu-filho-e-injustamente-acusado\/\"},\"wordCount\":223,\"commentCount\":0,\"publisher\":{\"@id\":\"https:\/\/neymarjr.org\/#organization\"},\"image\":{\"@id\":\"https:\/\/neymarjr.org\/pt-br\/privado\/familia\/neymar-sr-meu-filho-e-injustamente-acusado\/#primaryimage\"},\"thumbnailUrl\":\"https:\/\/neymarjr.org\/wp-content\/uploads\/2021\/05\/Neymar-with-father.jpg\",\"articleSection\":[\"Fam\u00edlia\"],\"inLanguage\":\"pt-BR\",\"potentialAction\":[{\"@type\":\"CommentAction\",\"name\":\"Comment\",\"target\":[\"https:\/\/neymarjr.org\/pt-br\/privado\/familia\/neymar-sr-meu-filho-e-injustamente-acusado\/#respond\"]}]},{\"@type\":\"WebPage\",\"@id\":\"https:\/\/neymarjr.org\/pt-br\/privado\/familia\/neymar-sr-meu-filho-e-injustamente-acusado\/\",\"url\":\"https:\/\/neymarjr.org\/pt-br\/privado\/familia\/neymar-sr-meu-filho-e-injustamente-acusado\/\",\"name\":\"Neymar Sr. defendeu seu filho contra as acusa\u00e7\u00f5es feitas pela Nike\",\"isPartOf\":{\"@id\":\"https:\/\/neymarjr.org\/#website\"},\"primaryImageOfPage\":{\"@id\":\"https:\/\/neymarjr.org\/pt-br\/privado\/familia\/neymar-sr-meu-filho-e-injustamente-acusado\/#primaryimage\"},\"image\":{\"@id\":\"https:\/\/neymarjr.org\/pt-br\/privado\/familia\/neymar-sr-meu-filho-e-injustamente-acusado\/#primaryimage\"},\"thumbnailUrl\":\"https:\/\/neymarjr.org\/wp-content\/uploads\/2021\/05\/Neymar-with-father.jpg\",\"datePublished\":\"2021-05-28T13:19:23+00:00\",\"dateModified\":\"2021-05-28T13:19:24+00:00\",\"description\":\"O pai de Neymar disse o que ele pensava das acusa\u00e7\u00f5es feitas contra seu filho - \\\"Todos deixam a Nike e s\u00e3o acusados de coisas assim\\\".\",\"breadcrumb\":{\"@id\":\"https:\/\/neymarjr.org\/pt-br\/privado\/familia\/neymar-sr-meu-filho-e-injustamente-acusado\/#breadcrumb\"},\"inLanguage\":\"pt-BR\",\"potentialAction\":[{\"@type\":\"ReadAction\",\"target\":[\"https:\/\/neymarjr.org\/pt-br\/privado\/familia\/neymar-sr-meu-filho-e-injustamente-acusado\/\"]}]},{\"@type\":\"ImageObject\",\"inLanguage\":\"pt-BR\",\"@id\":\"https:\/\/neymarjr.org\/pt-br\/privado\/familia\/neymar-sr-meu-filho-e-injustamente-acusado\/#primaryimage\",\"url\":\"https:\/\/neymarjr.org\/wp-content\/uploads\/2021\/05\/Neymar-with-father.jpg\",\"contentUrl\":\"https:\/\/neymarjr.org\/wp-content\/uploads\/2021\/05\/Neymar-with-father.jpg\",\"width\":683,\"height\":409,\"caption\":\"Neymar with father\"},{\"@type\":\"BreadcrumbList\",\"@id\":\"https:\/\/neymarjr.org\/pt-br\/privado\/familia\/neymar-sr-meu-filho-e-injustamente-acusado\/#breadcrumb\",\"itemListElement\":[{\"@type\":\"ListItem\",\"position\":1,\"name\":\"Home\",\"item\":\"https:\/\/neymarjr.org\/\"},{\"@type\":\"ListItem\",\"position\":2,\"name\":\"Neymar Sr: &#8220;Meu filho \u00e9 injustamente acusado&#8221;\"}]},{\"@type\":\"WebSite\",\"@id\":\"https:\/\/neymarjr.org\/#website\",\"url\":\"https:\/\/neymarjr.org\/\",\"name\":\"N\u0435ym\u0430r\",\"description\":\"\",\"publisher\":{\"@id\":\"https:\/\/neymarjr.org\/#organization\"},\"potentialAction\":[{\"@type\":\"SearchAction\",\"target\":{\"@type\":\"EntryPoint\",\"urlTemplate\":\"https:\/\/neymarjr.org\/?s={search_term_string}\"},\"query-input\":{\"@type\":\"PropertyValueSpecification\",\"valueRequired\":true,\"valueName\":\"search_term_string\"}}],\"inLanguage\":\"pt-BR\"},{\"@type\":\"Organization\",\"@id\":\"https:\/\/neymarjr.org\/#organization\",\"name\":\"N\u0435ym\u0430r\",\"url\":\"https:\/\/neymarjr.org\/\",\"logo\":{\"@type\":\"ImageObject\",\"inLanguage\":\"pt-BR\",\"@id\":\"https:\/\/neymarjr.org\/#\/schema\/logo\/image\/\",\"url\":\"https:\/\/neymarjr.org\/wp-content\/uploads\/2021\/03\/Group-31.png\",\"contentUrl\":\"https:\/\/neymarjr.org\/wp-content\/uploads\/2021\/03\/Group-31.png\",\"width\":154,\"height\":36,\"caption\":\"N\u0435ym\u0430r\"},\"image\":{\"@id\":\"https:\/\/neymarjr.org\/#\/schema\/logo\/image\/\"}},{\"@type\":\"Person\",\"@id\":\"https:\/\/neymarjr.org\/#\/schema\/person\/26b98c8504f22296c90e93fdfaae4058\",\"name\":\"Martim Caldeira\",\"image\":{\"@type\":\"ImageObject\",\"inLanguage\":\"pt-BR\",\"@id\":\"https:\/\/neymarjr.org\/#\/schema\/person\/image\/\",\"url\":\"https:\/\/secure.gravatar.com\/avatar\/bd38ab5e85e236cce8c6cc20127c72e2ccb6e3cc22e51443b507b45166e23ce5?s=96&d=mm&r=g\",\"contentUrl\":\"https:\/\/secure.gravatar.com\/avatar\/bd38ab5e85e236cce8c6cc20127c72e2ccb6e3cc22e51443b507b45166e23ce5?s=96&d=mm&r=g\",\"caption\":\"Martim Caldeira\"},\"url\":\"https:\/\/neymarjr.org\/pt-br\/author\/seoswat\/\"}]}<\/script>\n<!-- \/ Yoast SEO plugin. -->","yoast_head_json":{"title":"Neymar Sr. defendeu seu filho contra as acusa\u00e7\u00f5es feitas pela Nike","description":"O pai de Neymar disse o que ele pensava das acusa\u00e7\u00f5es feitas contra seu filho - \"Todos deixam a Nike e s\u00e3o acusados de coisas assim\".","robots":{"index":"index","follow":"follow","max-snippet":"max-snippet:-1","max-image-preview":"max-image-preview:large","max-video-preview":"max-video-preview:-1"},"canonical":"https:\/\/neymarjr.org\/pt-br\/privado\/familia\/neymar-sr-meu-filho-e-injustamente-acusado\/","og_locale":"pt_BR","og_type":"article","og_title":"Neymar Sr. defendeu seu filho contra as acusa\u00e7\u00f5es feitas pela Nike","og_description":"O pai de Neymar disse o que ele pensava das acusa\u00e7\u00f5es feitas contra seu filho - \"Todos deixam a Nike e s\u00e3o acusados de coisas assim\".","og_url":"https:\/\/neymarjr.org\/pt-br\/privado\/familia\/neymar-sr-meu-filho-e-injustamente-acusado\/","og_site_name":"N\u0435ym\u0430r","article_published_time":"2021-05-28T13:19:23+00:00","article_modified_time":"2021-05-28T13:19:24+00:00","og_image":[{"width":683,"height":409,"url":"https:\/\/neymarjr.org\/wp-content\/uploads\/2021\/05\/Neymar-with-father.jpg","type":"image\/jpeg"}],"author":"Martim Caldeira","twitter_card":"summary_large_image","twitter_misc":{"Escrito por":"Martim Caldeira","Est. tempo de leitura":"1 minuto"},"schema":{"@context":"https:\/\/schema.org","@graph":[{"@type":"Article","@id":"https:\/\/neymarjr.org\/pt-br\/privado\/familia\/neymar-sr-meu-filho-e-injustamente-acusado\/#article","isPartOf":{"@id":"https:\/\/neymarjr.org\/pt-br\/privado\/familia\/neymar-sr-meu-filho-e-injustamente-acusado\/"},"author":{"name":"Martim Caldeira","@id":"https:\/\/neymarjr.org\/#\/schema\/person\/26b98c8504f22296c90e93fdfaae4058"},"headline":"Neymar Sr: &#8220;Meu filho \u00e9 injustamente acusado&#8221;","datePublished":"2021-05-28T13:19:23+00:00","dateModified":"2021-05-28T13:19:24+00:00","mainEntityOfPage":{"@id":"https:\/\/neymarjr.org\/pt-br\/privado\/familia\/neymar-sr-meu-filho-e-injustamente-acusado\/"},"wordCount":223,"commentCount":0,"publisher":{"@id":"https:\/\/neymarjr.org\/#organization"},"image":{"@id":"https:\/\/neymarjr.org\/pt-br\/privado\/familia\/neymar-sr-meu-filho-e-injustamente-acusado\/#primaryimage"},"thumbnailUrl":"https:\/\/neymarjr.org\/wp-content\/uploads\/2021\/05\/Neymar-with-father.jpg","articleSection":["Fam\u00edlia"],"inLanguage":"pt-BR","potentialAction":[{"@type":"CommentAction","name":"Comment","target":["https:\/\/neymarjr.org\/pt-br\/privado\/familia\/neymar-sr-meu-filho-e-injustamente-acusado\/#respond"]}]},{"@type":"WebPage","@id":"https:\/\/neymarjr.org\/pt-br\/privado\/familia\/neymar-sr-meu-filho-e-injustamente-acusado\/","url":"https:\/\/neymarjr.org\/pt-br\/privado\/familia\/neymar-sr-meu-filho-e-injustamente-acusado\/","name":"Neymar Sr. defendeu seu filho contra as acusa\u00e7\u00f5es feitas pela Nike","isPartOf":{"@id":"https:\/\/neymarjr.org\/#website"},"primaryImageOfPage":{"@id":"https:\/\/neymarjr.org\/pt-br\/privado\/familia\/neymar-sr-meu-filho-e-injustamente-acusado\/#primaryimage"},"image":{"@id":"https:\/\/neymarjr.org\/pt-br\/privado\/familia\/neymar-sr-meu-filho-e-injustamente-acusado\/#primaryimage"},"thumbnailUrl":"https:\/\/neymarjr.org\/wp-content\/uploads\/2021\/05\/Neymar-with-father.jpg","datePublished":"2021-05-28T13:19:23+00:00","dateModified":"2021-05-28T13:19:24+00:00","description":"O pai de Neymar disse o que ele pensava das acusa\u00e7\u00f5es feitas contra seu filho - \"Todos deixam a Nike e s\u00e3o acusados de coisas assim\".","breadcrumb":{"@id":"https:\/\/neymarjr.org\/pt-br\/privado\/familia\/neymar-sr-meu-filho-e-injustamente-acusado\/#breadcrumb"},"inLanguage":"pt-BR","potentialAction":[{"@type":"ReadAction","target":["https:\/\/neymarjr.org\/pt-br\/privado\/familia\/neymar-sr-meu-filho-e-injustamente-acusado\/"]}]},{"@type":"ImageObject","inLanguage":"pt-BR","@id":"https:\/\/neymarjr.org\/pt-br\/privado\/familia\/neymar-sr-meu-filho-e-injustamente-acusado\/#primaryimage","url":"https:\/\/neymarjr.org\/wp-content\/uploads\/2021\/05\/Neymar-with-father.jpg","contentUrl":"https:\/\/neymarjr.org\/wp-content\/uploads\/2021\/05\/Neymar-with-father.jpg","width":683,"height":409,"caption":"Neymar with father"},{"@type":"BreadcrumbList","@id":"https:\/\/neymarjr.org\/pt-br\/privado\/familia\/neymar-sr-meu-filho-e-injustamente-acusado\/#breadcrumb","itemListElement":[{"@type":"ListItem","position":1,"name":"Home","item":"https:\/\/neymarjr.org\/"},{"@type":"ListItem","position":2,"name":"Neymar Sr: &#8220;Meu filho \u00e9 injustamente acusado&#8221;"}]},{"@type":"WebSite","@id":"https:\/\/neymarjr.org\/#website","url":"https:\/\/neymarjr.org\/","name":"N\u0435ym\u0430r","description":"","publisher":{"@id":"https:\/\/neymarjr.org\/#organization"},"potentialAction":[{"@type":"SearchAction","target":{"@type":"EntryPoint","urlTemplate":"https:\/\/neymarjr.org\/?s={search_term_string}"},"query-input":{"@type":"PropertyValueSpecification","valueRequired":true,"valueName":"search_term_string"}}],"inLanguage":"pt-BR"},{"@type":"Organization","@id":"https:\/\/neymarjr.org\/#organization","name":"N\u0435ym\u0430r","url":"https:\/\/neymarjr.org\/","logo":{"@type":"ImageObject","inLanguage":"pt-BR","@id":"https:\/\/neymarjr.org\/#\/schema\/logo\/image\/","url":"https:\/\/neymarjr.org\/wp-content\/uploads\/2021\/03\/Group-31.png","contentUrl":"https:\/\/neymarjr.org\/wp-content\/uploads\/2021\/03\/Group-31.png","width":154,"height":36,"caption":"N\u0435ym\u0430r"},"image":{"@id":"https:\/\/neymarjr.org\/#\/schema\/logo\/image\/"}},{"@type":"Person","@id":"https:\/\/neymarjr.org\/#\/schema\/person\/26b98c8504f22296c90e93fdfaae4058","name":"Martim Caldeira","image":{"@type":"ImageObject","inLanguage":"pt-BR","@id":"https:\/\/neymarjr.org\/#\/schema\/person\/image\/","url":"https:\/\/secure.gravatar.com\/avatar\/bd38ab5e85e236cce8c6cc20127c72e2ccb6e3cc22e51443b507b45166e23ce5?s=96&d=mm&r=g","contentUrl":"https:\/\/secure.gravatar.com\/avatar\/bd38ab5e85e236cce8c6cc20127c72e2ccb6e3cc22e51443b507b45166e23ce5?s=96&d=mm&r=g","caption":"Martim Caldeira"},"url":"https:\/\/neymarjr.org\/pt-br\/author\/seoswat\/"}]}},"_links":{"self":[{"href":"https:\/\/neymarjr.org\/pt-br\/wp-json\/wp\/v2\/posts\/1356","targetHints":{"allow":["GET"]}}],"collection":[{"href":"https:\/\/neymarjr.org\/pt-br\/wp-json\/wp\/v2\/posts"}],"about":[{"href":"https:\/\/neymarjr.org\/pt-br\/wp-json\/wp\/v2\/types\/post"}],"author":[{"embeddable":true,"href":"https:\/\/neymarjr.org\/pt-br\/wp-json\/wp\/v2\/users\/3"}],"replies":[{"embeddable":true,"href":"https:\/\/neymarjr.org\/pt-br\/wp-json\/wp\/v2\/comments?post=1356"}],"version-history":[{"count":1,"href":"https:\/\/neymarjr.org\/pt-br\/wp-json\/wp\/v2\/posts\/1356\/revisions"}],"predecessor-version":[{"id":1357,"href":"https:\/\/neymarjr.org\/pt-br\/wp-json\/wp\/v2\/posts\/1356\/revisions\/1357"}],"wp:featuredmedia":[{"embeddable":true,"href":"https:\/\/neymarjr.org\/pt-br\/wp-json\/wp\/v2\/media\/1354"}],"wp:attachment":[{"href":"https:\/\/neymarjr.org\/pt-br\/wp-json\/wp\/v2\/media?parent=1356"}],"wp:term":[{"taxonomy":"category","embeddable":true,"href":"https:\/\/neymarjr.org\/pt-br\/wp-json\/wp\/v2\/categories?post=1356"},{"taxonomy":"post_tag","embeddable":true,"href":"https:\/\/neymarjr.org\/pt-br\/wp-json\/wp\/v2\/tags?post=1356"}],"curies":[{"name":"wp","href":"https:\/\/api.w.org\/{rel}","templated":true}]}}