{"id":1657,"date":"2021-06-03T14:17:59","date_gmt":"2021-06-03T11:17:59","guid":{"rendered":"https:\/\/neymarjr.org\/?p=1657"},"modified":"2021-06-04T11:09:41","modified_gmt":"2021-06-04T08:09:41","slug":"neymar-ou-mbappe-nao-posso-manter-ambos-tenho-que-vender","status":"publish","type":"post","link":"https:\/\/neymarjr.org\/pt-br\/news-pt-br\/neymar-ou-mbappe-nao-posso-manter-ambos-tenho-que-vender\/","title":{"rendered":"Neymar ou Mbappe: &#8220;N\u00e3o posso manter ambos, tenho que vender&#8221;"},"content":{"rendered":"\n<p>Jonathan McHardy acredita que o PSG deve vender uma de suas duas estrelas neste ver\u00e3o para iniciar um novo ciclo.<\/p>\n\n\n\n<p>Depois de uma temporada de montanha-russa que os viu vencer as semifinais da Liga dos Campe\u00f5es, vencer o LOCC na Ligue 1 e triunfar na Copa da Fran\u00e7a, o PSG ter\u00e1 que fazer mudan\u00e7as neste ver\u00e3o para recuperar seu lugar no topo da Fran\u00e7a e da Europa na pr\u00f3xima temporada. E para conseguir isso, o jornalista da RMC Jonathan McHardy aconselha a dire\u00e7\u00e3o parisiense a se separar com Kylian Mbappe ou Neymar neste ver\u00e3o.<\/p>\n\n\n\n<blockquote class=\"wp-block-quote is-layout-flow wp-block-quote-is-layout-flow\"><p>&#8220;Voc\u00ea tem que olhar para o futuro. Vimos que isso n\u00e3o funcionou com Tuchel. Pochettino tem muitas d\u00favidas para mim porque ele \u00e9 um t\u00e9cnico do mesmo perfil de Tuchel e Emery. Gostaria de saber o que Leonardo far\u00e1 agora, pois ele nos foi apresentado como um cowboy voltando \u00e0 cidade, mas uma escolha ter\u00e1 que ser feita. E para mim, \u00e9 uma escolha muito simples. <\/p><p><\/p><p>Voc\u00ea n\u00e3o pode continuar administrando esta equipe com Neymar e Mbappe. \u00c9 uma ou a outra por v\u00e1rias raz\u00f5es, e a mais \u00f3bvia \u00e9 que ter ambas as op\u00e7\u00f5es cria um problema na configura\u00e7\u00e3o t\u00e1tica. Um quatro fant\u00e1stico nunca funcionou a n\u00edvel europeu. Pelo contr\u00e1rio, todos os t\u00e9cnicos que passaram pelo PSG foram pressionados a obter os resultados de Neymar e Mbappe, n\u00e3o os resultados da equipe como um todo. E mesmo que uma pausa venha gra\u00e7as ao Covid-19, ser\u00e1 necess\u00e1rio administrar o fundo salarial e cumprir com o fair play financeiro. &#8220;<\/p><\/blockquote>\n","protected":false},"excerpt":{"rendered":"<p>Jonathan McHardy acredita que o PSG deve vender uma de suas duas estrelas neste ver\u00e3o para iniciar um novo ciclo. Depois de uma temporada de &hellip; <\/p>\n","protected":false},"author":3,"featured_media":1649,"comment_status":"open","ping_status":"open","sticky":false,"template":"","format":"standard","meta":{"footnotes":""},"categories":[26],"tags":[],"class_list":["post-1657","post","type-post","status-publish","format-standard","has-post-thumbnail","hentry","category-news-pt-br"],"yoast_head":"<!-- This site is optimized with the Yoast SEO plugin v26.5 - https:\/\/yoast.com\/wordpress\/plugins\/seo\/ -->\n<title>Neymar ou Mbappe: &quot;N\u00e3o posso manter ambos, tenho que vender&quot;.<\/title>\n<meta name=\"description\" content=\"Jonathan McHardy acredita que o PSG deve vender uma de suas duas estrelas neste ver\u00e3o para iniciar um novo ciclo.\" \/>\n<meta name=\"robots\" content=\"index, follow, max-snippet:-1, max-image-preview:large, max-video-preview:-1\" \/>\n<link rel=\"canonical\" href=\"https:\/\/neymarjr.org\/pt-br\/news-pt-br\/neymar-ou-mbappe-nao-posso-manter-ambos-tenho-que-vender\/\" \/>\n<meta property=\"og:locale\" content=\"pt_BR\" \/>\n<meta property=\"og:type\" content=\"article\" \/>\n<meta property=\"og:title\" content=\"Neymar ou Mbappe: &quot;N\u00e3o posso manter ambos, tenho que vender&quot;.\" \/>\n<meta property=\"og:description\" content=\"Jonathan McHardy acredita que o PSG deve vender uma de suas duas estrelas neste ver\u00e3o para iniciar um novo ciclo.\" \/>\n<meta property=\"og:url\" content=\"https:\/\/neymarjr.org\/pt-br\/news-pt-br\/neymar-ou-mbappe-nao-posso-manter-ambos-tenho-que-vender\/\" \/>\n<meta property=\"og:site_name\" content=\"N\u0435ym\u0430r\" \/>\n<meta property=\"article:published_time\" content=\"2021-06-03T11:17:59+00:00\" \/>\n<meta property=\"article:modified_time\" content=\"2021-06-04T08:09:41+00:00\" \/>\n<meta property=\"og:image\" content=\"https:\/\/neymarjr.org\/wp-content\/uploads\/2021\/06\/neymar-mbappe-2.jpg\" \/>\n\t<meta property=\"og:image:width\" content=\"2000\" \/>\n\t<meta property=\"og:image:height\" content=\"1334\" \/>\n\t<meta property=\"og:image:type\" content=\"image\/jpeg\" \/>\n<meta name=\"author\" content=\"Martim Caldeira\" \/>\n<meta name=\"twitter:card\" content=\"summary_large_image\" \/>\n<meta name=\"twitter:label1\" content=\"Escrito por\" \/>\n\t<meta name=\"twitter:data1\" content=\"Martim Caldeira\" \/>\n\t<meta name=\"twitter:label2\" content=\"Est. tempo de leitura\" \/>\n\t<meta name=\"twitter:data2\" content=\"1 minuto\" \/>\n<script type=\"application\/ld+json\" class=\"yoast-schema-graph\">{\"@context\":\"https:\/\/schema.org\",\"@graph\":[{\"@type\":\"Article\",\"@id\":\"https:\/\/neymarjr.org\/pt-br\/news-pt-br\/neymar-ou-mbappe-nao-posso-manter-ambos-tenho-que-vender\/#article\",\"isPartOf\":{\"@id\":\"https:\/\/neymarjr.org\/pt-br\/news-pt-br\/neymar-ou-mbappe-nao-posso-manter-ambos-tenho-que-vender\/\"},\"author\":{\"name\":\"Martim Caldeira\",\"@id\":\"https:\/\/neymarjr.org\/#\/schema\/person\/26b98c8504f22296c90e93fdfaae4058\"},\"headline\":\"Neymar ou Mbappe: &#8220;N\u00e3o posso manter ambos, tenho que vender&#8221;\",\"datePublished\":\"2021-06-03T11:17:59+00:00\",\"dateModified\":\"2021-06-04T08:09:41+00:00\",\"mainEntityOfPage\":{\"@id\":\"https:\/\/neymarjr.org\/pt-br\/news-pt-br\/neymar-ou-mbappe-nao-posso-manter-ambos-tenho-que-vender\/\"},\"wordCount\":282,\"commentCount\":0,\"publisher\":{\"@id\":\"https:\/\/neymarjr.org\/#organization\"},\"image\":{\"@id\":\"https:\/\/neymarjr.org\/pt-br\/news-pt-br\/neymar-ou-mbappe-nao-posso-manter-ambos-tenho-que-vender\/#primaryimage\"},\"thumbnailUrl\":\"https:\/\/neymarjr.org\/wp-content\/uploads\/2021\/06\/neymar-mbappe-2.jpg\",\"articleSection\":[\"\u00daltimas not\u00edcias\"],\"inLanguage\":\"pt-BR\",\"potentialAction\":[{\"@type\":\"CommentAction\",\"name\":\"Comment\",\"target\":[\"https:\/\/neymarjr.org\/pt-br\/news-pt-br\/neymar-ou-mbappe-nao-posso-manter-ambos-tenho-que-vender\/#respond\"]}]},{\"@type\":\"WebPage\",\"@id\":\"https:\/\/neymarjr.org\/pt-br\/news-pt-br\/neymar-ou-mbappe-nao-posso-manter-ambos-tenho-que-vender\/\",\"url\":\"https:\/\/neymarjr.org\/pt-br\/news-pt-br\/neymar-ou-mbappe-nao-posso-manter-ambos-tenho-que-vender\/\",\"name\":\"Neymar ou Mbappe: \\\"N\u00e3o posso manter ambos, tenho que vender\\\".\",\"isPartOf\":{\"@id\":\"https:\/\/neymarjr.org\/#website\"},\"primaryImageOfPage\":{\"@id\":\"https:\/\/neymarjr.org\/pt-br\/news-pt-br\/neymar-ou-mbappe-nao-posso-manter-ambos-tenho-que-vender\/#primaryimage\"},\"image\":{\"@id\":\"https:\/\/neymarjr.org\/pt-br\/news-pt-br\/neymar-ou-mbappe-nao-posso-manter-ambos-tenho-que-vender\/#primaryimage\"},\"thumbnailUrl\":\"https:\/\/neymarjr.org\/wp-content\/uploads\/2021\/06\/neymar-mbappe-2.jpg\",\"datePublished\":\"2021-06-03T11:17:59+00:00\",\"dateModified\":\"2021-06-04T08:09:41+00:00\",\"description\":\"Jonathan McHardy acredita que o PSG deve vender uma de suas duas estrelas neste ver\u00e3o para iniciar um novo ciclo.\",\"breadcrumb\":{\"@id\":\"https:\/\/neymarjr.org\/pt-br\/news-pt-br\/neymar-ou-mbappe-nao-posso-manter-ambos-tenho-que-vender\/#breadcrumb\"},\"inLanguage\":\"pt-BR\",\"potentialAction\":[{\"@type\":\"ReadAction\",\"target\":[\"https:\/\/neymarjr.org\/pt-br\/news-pt-br\/neymar-ou-mbappe-nao-posso-manter-ambos-tenho-que-vender\/\"]}]},{\"@type\":\"ImageObject\",\"inLanguage\":\"pt-BR\",\"@id\":\"https:\/\/neymarjr.org\/pt-br\/news-pt-br\/neymar-ou-mbappe-nao-posso-manter-ambos-tenho-que-vender\/#primaryimage\",\"url\":\"https:\/\/neymarjr.org\/wp-content\/uploads\/2021\/06\/neymar-mbappe-2.jpg\",\"contentUrl\":\"https:\/\/neymarjr.org\/wp-content\/uploads\/2021\/06\/neymar-mbappe-2.jpg\",\"width\":2000,\"height\":1334,\"caption\":\"neymar mbappe\"},{\"@type\":\"BreadcrumbList\",\"@id\":\"https:\/\/neymarjr.org\/pt-br\/news-pt-br\/neymar-ou-mbappe-nao-posso-manter-ambos-tenho-que-vender\/#breadcrumb\",\"itemListElement\":[{\"@type\":\"ListItem\",\"position\":1,\"name\":\"Home\",\"item\":\"https:\/\/neymarjr.org\/\"},{\"@type\":\"ListItem\",\"position\":2,\"name\":\"Neymar ou Mbappe: &#8220;N\u00e3o posso manter ambos, tenho que vender&#8221;\"}]},{\"@type\":\"WebSite\",\"@id\":\"https:\/\/neymarjr.org\/#website\",\"url\":\"https:\/\/neymarjr.org\/\",\"name\":\"N\u0435ym\u0430r\",\"description\":\"\",\"publisher\":{\"@id\":\"https:\/\/neymarjr.org\/#organization\"},\"potentialAction\":[{\"@type\":\"SearchAction\",\"target\":{\"@type\":\"EntryPoint\",\"urlTemplate\":\"https:\/\/neymarjr.org\/?s={search_term_string}\"},\"query-input\":{\"@type\":\"PropertyValueSpecification\",\"valueRequired\":true,\"valueName\":\"search_term_string\"}}],\"inLanguage\":\"pt-BR\"},{\"@type\":\"Organization\",\"@id\":\"https:\/\/neymarjr.org\/#organization\",\"name\":\"N\u0435ym\u0430r\",\"url\":\"https:\/\/neymarjr.org\/\",\"logo\":{\"@type\":\"ImageObject\",\"inLanguage\":\"pt-BR\",\"@id\":\"https:\/\/neymarjr.org\/#\/schema\/logo\/image\/\",\"url\":\"https:\/\/neymarjr.org\/wp-content\/uploads\/2021\/03\/Group-31.png\",\"contentUrl\":\"https:\/\/neymarjr.org\/wp-content\/uploads\/2021\/03\/Group-31.png\",\"width\":154,\"height\":36,\"caption\":\"N\u0435ym\u0430r\"},\"image\":{\"@id\":\"https:\/\/neymarjr.org\/#\/schema\/logo\/image\/\"}},{\"@type\":\"Person\",\"@id\":\"https:\/\/neymarjr.org\/#\/schema\/person\/26b98c8504f22296c90e93fdfaae4058\",\"name\":\"Martim Caldeira\",\"image\":{\"@type\":\"ImageObject\",\"inLanguage\":\"pt-BR\",\"@id\":\"https:\/\/neymarjr.org\/#\/schema\/person\/image\/\",\"url\":\"https:\/\/secure.gravatar.com\/avatar\/bd38ab5e85e236cce8c6cc20127c72e2ccb6e3cc22e51443b507b45166e23ce5?s=96&d=mm&r=g\",\"contentUrl\":\"https:\/\/secure.gravatar.com\/avatar\/bd38ab5e85e236cce8c6cc20127c72e2ccb6e3cc22e51443b507b45166e23ce5?s=96&d=mm&r=g\",\"caption\":\"Martim Caldeira\"},\"url\":\"https:\/\/neymarjr.org\/pt-br\/author\/seoswat\/\"}]}<\/script>\n<!-- \/ Yoast SEO plugin. -->","yoast_head_json":{"title":"Neymar ou Mbappe: \"N\u00e3o posso manter ambos, tenho que vender\".","description":"Jonathan McHardy acredita que o PSG deve vender uma de suas duas estrelas neste ver\u00e3o para iniciar um novo ciclo.","robots":{"index":"index","follow":"follow","max-snippet":"max-snippet:-1","max-image-preview":"max-image-preview:large","max-video-preview":"max-video-preview:-1"},"canonical":"https:\/\/neymarjr.org\/pt-br\/news-pt-br\/neymar-ou-mbappe-nao-posso-manter-ambos-tenho-que-vender\/","og_locale":"pt_BR","og_type":"article","og_title":"Neymar ou Mbappe: \"N\u00e3o posso manter ambos, tenho que vender\".","og_description":"Jonathan McHardy acredita que o PSG deve vender uma de suas duas estrelas neste ver\u00e3o para iniciar um novo ciclo.","og_url":"https:\/\/neymarjr.org\/pt-br\/news-pt-br\/neymar-ou-mbappe-nao-posso-manter-ambos-tenho-que-vender\/","og_site_name":"N\u0435ym\u0430r","article_published_time":"2021-06-03T11:17:59+00:00","article_modified_time":"2021-06-04T08:09:41+00:00","og_image":[{"width":2000,"height":1334,"url":"https:\/\/neymarjr.org\/wp-content\/uploads\/2021\/06\/neymar-mbappe-2.jpg","type":"image\/jpeg"}],"author":"Martim Caldeira","twitter_card":"summary_large_image","twitter_misc":{"Escrito por":"Martim Caldeira","Est. tempo de leitura":"1 minuto"},"schema":{"@context":"https:\/\/schema.org","@graph":[{"@type":"Article","@id":"https:\/\/neymarjr.org\/pt-br\/news-pt-br\/neymar-ou-mbappe-nao-posso-manter-ambos-tenho-que-vender\/#article","isPartOf":{"@id":"https:\/\/neymarjr.org\/pt-br\/news-pt-br\/neymar-ou-mbappe-nao-posso-manter-ambos-tenho-que-vender\/"},"author":{"name":"Martim Caldeira","@id":"https:\/\/neymarjr.org\/#\/schema\/person\/26b98c8504f22296c90e93fdfaae4058"},"headline":"Neymar ou Mbappe: &#8220;N\u00e3o posso manter ambos, tenho que vender&#8221;","datePublished":"2021-06-03T11:17:59+00:00","dateModified":"2021-06-04T08:09:41+00:00","mainEntityOfPage":{"@id":"https:\/\/neymarjr.org\/pt-br\/news-pt-br\/neymar-ou-mbappe-nao-posso-manter-ambos-tenho-que-vender\/"},"wordCount":282,"commentCount":0,"publisher":{"@id":"https:\/\/neymarjr.org\/#organization"},"image":{"@id":"https:\/\/neymarjr.org\/pt-br\/news-pt-br\/neymar-ou-mbappe-nao-posso-manter-ambos-tenho-que-vender\/#primaryimage"},"thumbnailUrl":"https:\/\/neymarjr.org\/wp-content\/uploads\/2021\/06\/neymar-mbappe-2.jpg","articleSection":["\u00daltimas not\u00edcias"],"inLanguage":"pt-BR","potentialAction":[{"@type":"CommentAction","name":"Comment","target":["https:\/\/neymarjr.org\/pt-br\/news-pt-br\/neymar-ou-mbappe-nao-posso-manter-ambos-tenho-que-vender\/#respond"]}]},{"@type":"WebPage","@id":"https:\/\/neymarjr.org\/pt-br\/news-pt-br\/neymar-ou-mbappe-nao-posso-manter-ambos-tenho-que-vender\/","url":"https:\/\/neymarjr.org\/pt-br\/news-pt-br\/neymar-ou-mbappe-nao-posso-manter-ambos-tenho-que-vender\/","name":"Neymar ou Mbappe: \"N\u00e3o posso manter ambos, tenho que vender\".","isPartOf":{"@id":"https:\/\/neymarjr.org\/#website"},"primaryImageOfPage":{"@id":"https:\/\/neymarjr.org\/pt-br\/news-pt-br\/neymar-ou-mbappe-nao-posso-manter-ambos-tenho-que-vender\/#primaryimage"},"image":{"@id":"https:\/\/neymarjr.org\/pt-br\/news-pt-br\/neymar-ou-mbappe-nao-posso-manter-ambos-tenho-que-vender\/#primaryimage"},"thumbnailUrl":"https:\/\/neymarjr.org\/wp-content\/uploads\/2021\/06\/neymar-mbappe-2.jpg","datePublished":"2021-06-03T11:17:59+00:00","dateModified":"2021-06-04T08:09:41+00:00","description":"Jonathan McHardy acredita que o PSG deve vender uma de suas duas estrelas neste ver\u00e3o para iniciar um novo ciclo.","breadcrumb":{"@id":"https:\/\/neymarjr.org\/pt-br\/news-pt-br\/neymar-ou-mbappe-nao-posso-manter-ambos-tenho-que-vender\/#breadcrumb"},"inLanguage":"pt-BR","potentialAction":[{"@type":"ReadAction","target":["https:\/\/neymarjr.org\/pt-br\/news-pt-br\/neymar-ou-mbappe-nao-posso-manter-ambos-tenho-que-vender\/"]}]},{"@type":"ImageObject","inLanguage":"pt-BR","@id":"https:\/\/neymarjr.org\/pt-br\/news-pt-br\/neymar-ou-mbappe-nao-posso-manter-ambos-tenho-que-vender\/#primaryimage","url":"https:\/\/neymarjr.org\/wp-content\/uploads\/2021\/06\/neymar-mbappe-2.jpg","contentUrl":"https:\/\/neymarjr.org\/wp-content\/uploads\/2021\/06\/neymar-mbappe-2.jpg","width":2000,"height":1334,"caption":"neymar mbappe"},{"@type":"BreadcrumbList","@id":"https:\/\/neymarjr.org\/pt-br\/news-pt-br\/neymar-ou-mbappe-nao-posso-manter-ambos-tenho-que-vender\/#breadcrumb","itemListElement":[{"@type":"ListItem","position":1,"name":"Home","item":"https:\/\/neymarjr.org\/"},{"@type":"ListItem","position":2,"name":"Neymar ou Mbappe: &#8220;N\u00e3o posso manter ambos, tenho que vender&#8221;"}]},{"@type":"WebSite","@id":"https:\/\/neymarjr.org\/#website","url":"https:\/\/neymarjr.org\/","name":"N\u0435ym\u0430r","description":"","publisher":{"@id":"https:\/\/neymarjr.org\/#organization"},"potentialAction":[{"@type":"SearchAction","target":{"@type":"EntryPoint","urlTemplate":"https:\/\/neymarjr.org\/?s={search_term_string}"},"query-input":{"@type":"PropertyValueSpecification","valueRequired":true,"valueName":"search_term_string"}}],"inLanguage":"pt-BR"},{"@type":"Organization","@id":"https:\/\/neymarjr.org\/#organization","name":"N\u0435ym\u0430r","url":"https:\/\/neymarjr.org\/","logo":{"@type":"ImageObject","inLanguage":"pt-BR","@id":"https:\/\/neymarjr.org\/#\/schema\/logo\/image\/","url":"https:\/\/neymarjr.org\/wp-content\/uploads\/2021\/03\/Group-31.png","contentUrl":"https:\/\/neymarjr.org\/wp-content\/uploads\/2021\/03\/Group-31.png","width":154,"height":36,"caption":"N\u0435ym\u0430r"},"image":{"@id":"https:\/\/neymarjr.org\/#\/schema\/logo\/image\/"}},{"@type":"Person","@id":"https:\/\/neymarjr.org\/#\/schema\/person\/26b98c8504f22296c90e93fdfaae4058","name":"Martim Caldeira","image":{"@type":"ImageObject","inLanguage":"pt-BR","@id":"https:\/\/neymarjr.org\/#\/schema\/person\/image\/","url":"https:\/\/secure.gravatar.com\/avatar\/bd38ab5e85e236cce8c6cc20127c72e2ccb6e3cc22e51443b507b45166e23ce5?s=96&d=mm&r=g","contentUrl":"https:\/\/secure.gravatar.com\/avatar\/bd38ab5e85e236cce8c6cc20127c72e2ccb6e3cc22e51443b507b45166e23ce5?s=96&d=mm&r=g","caption":"Martim Caldeira"},"url":"https:\/\/neymarjr.org\/pt-br\/author\/seoswat\/"}]}},"_links":{"self":[{"href":"https:\/\/neymarjr.org\/pt-br\/wp-json\/wp\/v2\/posts\/1657","targetHints":{"allow":["GET"]}}],"collection":[{"href":"https:\/\/neymarjr.org\/pt-br\/wp-json\/wp\/v2\/posts"}],"about":[{"href":"https:\/\/neymarjr.org\/pt-br\/wp-json\/wp\/v2\/types\/post"}],"author":[{"embeddable":true,"href":"https:\/\/neymarjr.org\/pt-br\/wp-json\/wp\/v2\/users\/3"}],"replies":[{"embeddable":true,"href":"https:\/\/neymarjr.org\/pt-br\/wp-json\/wp\/v2\/comments?post=1657"}],"version-history":[{"count":2,"href":"https:\/\/neymarjr.org\/pt-br\/wp-json\/wp\/v2\/posts\/1657\/revisions"}],"predecessor-version":[{"id":1703,"href":"https:\/\/neymarjr.org\/pt-br\/wp-json\/wp\/v2\/posts\/1657\/revisions\/1703"}],"wp:featuredmedia":[{"embeddable":true,"href":"https:\/\/neymarjr.org\/pt-br\/wp-json\/wp\/v2\/media\/1649"}],"wp:attachment":[{"href":"https:\/\/neymarjr.org\/pt-br\/wp-json\/wp\/v2\/media?parent=1657"}],"wp:term":[{"taxonomy":"category","embeddable":true,"href":"https:\/\/neymarjr.org\/pt-br\/wp-json\/wp\/v2\/categories?post=1657"},{"taxonomy":"post_tag","embeddable":true,"href":"https:\/\/neymarjr.org\/pt-br\/wp-json\/wp\/v2\/tags?post=1657"}],"curies":[{"name":"wp","href":"https:\/\/api.w.org\/{rel}","templated":true}]}}