{"id":1838,"date":"2021-06-08T10:22:32","date_gmt":"2021-06-08T07:22:32","guid":{"rendered":"https:\/\/neymarjr.org\/?p=1838"},"modified":"2021-06-08T10:22:33","modified_gmt":"2021-06-08T07:22:33","slug":"o-amigo-de-neymar-pronto-para-assinar-com-o-psg-neste-verao","status":"publish","type":"post","link":"https:\/\/neymarjr.org\/pt-br\/news-pt-br\/o-amigo-de-neymar-pronto-para-assinar-com-o-psg-neste-verao\/","title":{"rendered":"O amigo de Neymar pronto para assinar com o PSG neste ver\u00e3o"},"content":{"rendered":"\n<p>Embora a comunidade brasileira do PSG seja atualmente composta por dois homens, Neymar e Marquinhos, ela poder\u00e1 aumentar em breve. Um amigo do atacante parisiense est\u00e1 ansioso para que ele volte \u00e0 capital.<\/p>\n\n\n\n<p>O Paris Saint-Germain est\u00e1 perto de anunciar oficialmente a mudan\u00e7a de <strong>Georginio Wijnaldum <\/strong>do Liverpool em uma transfer\u00eancia gratuita, mas eles tamb\u00e9m poderiam conseguir outro meio-campista. Adquirido no ver\u00e3o passado por 72 milh\u00f5es de euros em um acordo com Miralem Pjanic, que se mudou para Barcelona, Arthur Melo n\u00e3o tem planos de finalizar seu contrato, que vai at\u00e9 junho de 2025. Ap\u00f3s o retorno de Massimiliano Allegri \u00e0 administra\u00e7\u00e3o da Juve, o brasileiro \u00e9 um dos jogadores que a Juve quer vender neste ver\u00e3o para liberar espa\u00e7o no plantel e reduzir a conta salarial.<\/p>\n\n\n\n<p>Representantes do meio-campista de 24 anos o ofereceram ao Paris Saint-Germain em uma licita\u00e7\u00e3o para encontrar um novo clube para seu cliente, de acordo com o jornal italiano Corriere dello Sport. Indesejado em Turim, o brasileiro quer se juntar a seu amigo Neymar na capital francesa.<\/p>\n","protected":false},"excerpt":{"rendered":"<p>Embora a comunidade brasileira do PSG seja atualmente composta por dois homens, Neymar e Marquinhos, ela poder\u00e1 aumentar em breve. Um amigo do atacante parisiense &hellip; <\/p>\n","protected":false},"author":3,"featured_media":1835,"comment_status":"open","ping_status":"open","sticky":false,"template":"","format":"standard","meta":{"footnotes":""},"categories":[26],"tags":[],"class_list":["post-1838","post","type-post","status-publish","format-standard","has-post-thumbnail","hentry","category-news-pt-br"],"yoast_head":"<!-- This site is optimized with the Yoast SEO plugin v26.5 - https:\/\/yoast.com\/wordpress\/plugins\/seo\/ -->\n<title>O Paris Saint-Germain est\u00e1 perto de anunciar oficialmente a mudan\u00e7a de Wijnaldum<\/title>\n<meta name=\"description\" content=\"Adquirido no ver\u00e3o passado por 72 milh\u00f5es de euros em um acordo com Miralem Pjanic, que se mudou para Barcelona, Arthur Melo n\u00e3o tem planos de finalizar seu contrato, que vai at\u00e9 junho de 2025.\" \/>\n<meta name=\"robots\" content=\"index, follow, max-snippet:-1, max-image-preview:large, max-video-preview:-1\" \/>\n<link rel=\"canonical\" href=\"https:\/\/neymarjr.org\/pt-br\/news-pt-br\/o-amigo-de-neymar-pronto-para-assinar-com-o-psg-neste-verao\/\" \/>\n<meta property=\"og:locale\" content=\"pt_BR\" \/>\n<meta property=\"og:type\" content=\"article\" \/>\n<meta property=\"og:title\" content=\"O Paris Saint-Germain est\u00e1 perto de anunciar oficialmente a mudan\u00e7a de Wijnaldum\" \/>\n<meta property=\"og:description\" content=\"Adquirido no ver\u00e3o passado por 72 milh\u00f5es de euros em um acordo com Miralem Pjanic, que se mudou para Barcelona, Arthur Melo n\u00e3o tem planos de finalizar seu contrato, que vai at\u00e9 junho de 2025.\" \/>\n<meta property=\"og:url\" content=\"https:\/\/neymarjr.org\/pt-br\/news-pt-br\/o-amigo-de-neymar-pronto-para-assinar-com-o-psg-neste-verao\/\" \/>\n<meta property=\"og:site_name\" content=\"N\u0435ym\u0430r\" \/>\n<meta property=\"article:published_time\" content=\"2021-06-08T07:22:32+00:00\" \/>\n<meta property=\"article:modified_time\" content=\"2021-06-08T07:22:33+00:00\" \/>\n<meta property=\"og:image\" content=\"https:\/\/neymarjr.org\/wp-content\/uploads\/2021\/06\/georginio-wijnaldum-liverpool.jpg\" \/>\n\t<meta property=\"og:image:width\" content=\"1200\" \/>\n\t<meta property=\"og:image:height\" content=\"675\" \/>\n\t<meta property=\"og:image:type\" content=\"image\/jpeg\" \/>\n<meta name=\"author\" content=\"Martim Caldeira\" \/>\n<meta name=\"twitter:card\" content=\"summary_large_image\" \/>\n<meta name=\"twitter:label1\" content=\"Escrito por\" \/>\n\t<meta name=\"twitter:data1\" content=\"Martim Caldeira\" \/>\n\t<meta name=\"twitter:label2\" content=\"Est. tempo de leitura\" \/>\n\t<meta name=\"twitter:data2\" content=\"1 minuto\" \/>\n<script type=\"application\/ld+json\" class=\"yoast-schema-graph\">{\"@context\":\"https:\/\/schema.org\",\"@graph\":[{\"@type\":\"Article\",\"@id\":\"https:\/\/neymarjr.org\/pt-br\/news-pt-br\/o-amigo-de-neymar-pronto-para-assinar-com-o-psg-neste-verao\/#article\",\"isPartOf\":{\"@id\":\"https:\/\/neymarjr.org\/pt-br\/news-pt-br\/o-amigo-de-neymar-pronto-para-assinar-com-o-psg-neste-verao\/\"},\"author\":{\"name\":\"Martim Caldeira\",\"@id\":\"https:\/\/neymarjr.org\/#\/schema\/person\/26b98c8504f22296c90e93fdfaae4058\"},\"headline\":\"O amigo de Neymar pronto para assinar com o PSG neste ver\u00e3o\",\"datePublished\":\"2021-06-08T07:22:32+00:00\",\"dateModified\":\"2021-06-08T07:22:33+00:00\",\"mainEntityOfPage\":{\"@id\":\"https:\/\/neymarjr.org\/pt-br\/news-pt-br\/o-amigo-de-neymar-pronto-para-assinar-com-o-psg-neste-verao\/\"},\"wordCount\":191,\"commentCount\":0,\"publisher\":{\"@id\":\"https:\/\/neymarjr.org\/#organization\"},\"image\":{\"@id\":\"https:\/\/neymarjr.org\/pt-br\/news-pt-br\/o-amigo-de-neymar-pronto-para-assinar-com-o-psg-neste-verao\/#primaryimage\"},\"thumbnailUrl\":\"https:\/\/neymarjr.org\/wp-content\/uploads\/2021\/06\/georginio-wijnaldum-liverpool.jpg\",\"articleSection\":[\"\u00daltimas not\u00edcias\"],\"inLanguage\":\"pt-BR\",\"potentialAction\":[{\"@type\":\"CommentAction\",\"name\":\"Comment\",\"target\":[\"https:\/\/neymarjr.org\/pt-br\/news-pt-br\/o-amigo-de-neymar-pronto-para-assinar-com-o-psg-neste-verao\/#respond\"]}]},{\"@type\":\"WebPage\",\"@id\":\"https:\/\/neymarjr.org\/pt-br\/news-pt-br\/o-amigo-de-neymar-pronto-para-assinar-com-o-psg-neste-verao\/\",\"url\":\"https:\/\/neymarjr.org\/pt-br\/news-pt-br\/o-amigo-de-neymar-pronto-para-assinar-com-o-psg-neste-verao\/\",\"name\":\"O Paris Saint-Germain est\u00e1 perto de anunciar oficialmente a mudan\u00e7a de Wijnaldum\",\"isPartOf\":{\"@id\":\"https:\/\/neymarjr.org\/#website\"},\"primaryImageOfPage\":{\"@id\":\"https:\/\/neymarjr.org\/pt-br\/news-pt-br\/o-amigo-de-neymar-pronto-para-assinar-com-o-psg-neste-verao\/#primaryimage\"},\"image\":{\"@id\":\"https:\/\/neymarjr.org\/pt-br\/news-pt-br\/o-amigo-de-neymar-pronto-para-assinar-com-o-psg-neste-verao\/#primaryimage\"},\"thumbnailUrl\":\"https:\/\/neymarjr.org\/wp-content\/uploads\/2021\/06\/georginio-wijnaldum-liverpool.jpg\",\"datePublished\":\"2021-06-08T07:22:32+00:00\",\"dateModified\":\"2021-06-08T07:22:33+00:00\",\"description\":\"Adquirido no ver\u00e3o passado por 72 milh\u00f5es de euros em um acordo com Miralem Pjanic, que se mudou para Barcelona, Arthur Melo n\u00e3o tem planos de finalizar seu contrato, que vai at\u00e9 junho de 2025.\",\"breadcrumb\":{\"@id\":\"https:\/\/neymarjr.org\/pt-br\/news-pt-br\/o-amigo-de-neymar-pronto-para-assinar-com-o-psg-neste-verao\/#breadcrumb\"},\"inLanguage\":\"pt-BR\",\"potentialAction\":[{\"@type\":\"ReadAction\",\"target\":[\"https:\/\/neymarjr.org\/pt-br\/news-pt-br\/o-amigo-de-neymar-pronto-para-assinar-com-o-psg-neste-verao\/\"]}]},{\"@type\":\"ImageObject\",\"inLanguage\":\"pt-BR\",\"@id\":\"https:\/\/neymarjr.org\/pt-br\/news-pt-br\/o-amigo-de-neymar-pronto-para-assinar-com-o-psg-neste-verao\/#primaryimage\",\"url\":\"https:\/\/neymarjr.org\/wp-content\/uploads\/2021\/06\/georginio-wijnaldum-liverpool.jpg\",\"contentUrl\":\"https:\/\/neymarjr.org\/wp-content\/uploads\/2021\/06\/georginio-wijnaldum-liverpool.jpg\",\"width\":1200,\"height\":675,\"caption\":\"LIVERPOOL, UNITED KINGDOM - DECEMBER 1: Georginio Wijnaldum of Liverpool during the UEFA Champions League match between Liverpool v Ajax at the Anfield on December 1, 2020 in Liverpool United Kingdom (Photo by Richard Sellers\/Soccrates\/Getty Images)\"},{\"@type\":\"BreadcrumbList\",\"@id\":\"https:\/\/neymarjr.org\/pt-br\/news-pt-br\/o-amigo-de-neymar-pronto-para-assinar-com-o-psg-neste-verao\/#breadcrumb\",\"itemListElement\":[{\"@type\":\"ListItem\",\"position\":1,\"name\":\"Home\",\"item\":\"https:\/\/neymarjr.org\/\"},{\"@type\":\"ListItem\",\"position\":2,\"name\":\"O amigo de Neymar pronto para assinar com o PSG neste ver\u00e3o\"}]},{\"@type\":\"WebSite\",\"@id\":\"https:\/\/neymarjr.org\/#website\",\"url\":\"https:\/\/neymarjr.org\/\",\"name\":\"N\u0435ym\u0430r\",\"description\":\"\",\"publisher\":{\"@id\":\"https:\/\/neymarjr.org\/#organization\"},\"potentialAction\":[{\"@type\":\"SearchAction\",\"target\":{\"@type\":\"EntryPoint\",\"urlTemplate\":\"https:\/\/neymarjr.org\/?s={search_term_string}\"},\"query-input\":{\"@type\":\"PropertyValueSpecification\",\"valueRequired\":true,\"valueName\":\"search_term_string\"}}],\"inLanguage\":\"pt-BR\"},{\"@type\":\"Organization\",\"@id\":\"https:\/\/neymarjr.org\/#organization\",\"name\":\"N\u0435ym\u0430r\",\"url\":\"https:\/\/neymarjr.org\/\",\"logo\":{\"@type\":\"ImageObject\",\"inLanguage\":\"pt-BR\",\"@id\":\"https:\/\/neymarjr.org\/#\/schema\/logo\/image\/\",\"url\":\"https:\/\/neymarjr.org\/wp-content\/uploads\/2021\/03\/Group-31.png\",\"contentUrl\":\"https:\/\/neymarjr.org\/wp-content\/uploads\/2021\/03\/Group-31.png\",\"width\":154,\"height\":36,\"caption\":\"N\u0435ym\u0430r\"},\"image\":{\"@id\":\"https:\/\/neymarjr.org\/#\/schema\/logo\/image\/\"}},{\"@type\":\"Person\",\"@id\":\"https:\/\/neymarjr.org\/#\/schema\/person\/26b98c8504f22296c90e93fdfaae4058\",\"name\":\"Martim Caldeira\",\"image\":{\"@type\":\"ImageObject\",\"inLanguage\":\"pt-BR\",\"@id\":\"https:\/\/neymarjr.org\/#\/schema\/person\/image\/\",\"url\":\"https:\/\/secure.gravatar.com\/avatar\/bd38ab5e85e236cce8c6cc20127c72e2ccb6e3cc22e51443b507b45166e23ce5?s=96&d=mm&r=g\",\"contentUrl\":\"https:\/\/secure.gravatar.com\/avatar\/bd38ab5e85e236cce8c6cc20127c72e2ccb6e3cc22e51443b507b45166e23ce5?s=96&d=mm&r=g\",\"caption\":\"Martim Caldeira\"},\"url\":\"https:\/\/neymarjr.org\/pt-br\/author\/seoswat\/\"}]}<\/script>\n<!-- \/ Yoast SEO plugin. -->","yoast_head_json":{"title":"O Paris Saint-Germain est\u00e1 perto de anunciar oficialmente a mudan\u00e7a de Wijnaldum","description":"Adquirido no ver\u00e3o passado por 72 milh\u00f5es de euros em um acordo com Miralem Pjanic, que se mudou para Barcelona, Arthur Melo n\u00e3o tem planos de finalizar seu contrato, que vai at\u00e9 junho de 2025.","robots":{"index":"index","follow":"follow","max-snippet":"max-snippet:-1","max-image-preview":"max-image-preview:large","max-video-preview":"max-video-preview:-1"},"canonical":"https:\/\/neymarjr.org\/pt-br\/news-pt-br\/o-amigo-de-neymar-pronto-para-assinar-com-o-psg-neste-verao\/","og_locale":"pt_BR","og_type":"article","og_title":"O Paris Saint-Germain est\u00e1 perto de anunciar oficialmente a mudan\u00e7a de Wijnaldum","og_description":"Adquirido no ver\u00e3o passado por 72 milh\u00f5es de euros em um acordo com Miralem Pjanic, que se mudou para Barcelona, Arthur Melo n\u00e3o tem planos de finalizar seu contrato, que vai at\u00e9 junho de 2025.","og_url":"https:\/\/neymarjr.org\/pt-br\/news-pt-br\/o-amigo-de-neymar-pronto-para-assinar-com-o-psg-neste-verao\/","og_site_name":"N\u0435ym\u0430r","article_published_time":"2021-06-08T07:22:32+00:00","article_modified_time":"2021-06-08T07:22:33+00:00","og_image":[{"width":1200,"height":675,"url":"https:\/\/neymarjr.org\/wp-content\/uploads\/2021\/06\/georginio-wijnaldum-liverpool.jpg","type":"image\/jpeg"}],"author":"Martim Caldeira","twitter_card":"summary_large_image","twitter_misc":{"Escrito por":"Martim Caldeira","Est. tempo de leitura":"1 minuto"},"schema":{"@context":"https:\/\/schema.org","@graph":[{"@type":"Article","@id":"https:\/\/neymarjr.org\/pt-br\/news-pt-br\/o-amigo-de-neymar-pronto-para-assinar-com-o-psg-neste-verao\/#article","isPartOf":{"@id":"https:\/\/neymarjr.org\/pt-br\/news-pt-br\/o-amigo-de-neymar-pronto-para-assinar-com-o-psg-neste-verao\/"},"author":{"name":"Martim Caldeira","@id":"https:\/\/neymarjr.org\/#\/schema\/person\/26b98c8504f22296c90e93fdfaae4058"},"headline":"O amigo de Neymar pronto para assinar com o PSG neste ver\u00e3o","datePublished":"2021-06-08T07:22:32+00:00","dateModified":"2021-06-08T07:22:33+00:00","mainEntityOfPage":{"@id":"https:\/\/neymarjr.org\/pt-br\/news-pt-br\/o-amigo-de-neymar-pronto-para-assinar-com-o-psg-neste-verao\/"},"wordCount":191,"commentCount":0,"publisher":{"@id":"https:\/\/neymarjr.org\/#organization"},"image":{"@id":"https:\/\/neymarjr.org\/pt-br\/news-pt-br\/o-amigo-de-neymar-pronto-para-assinar-com-o-psg-neste-verao\/#primaryimage"},"thumbnailUrl":"https:\/\/neymarjr.org\/wp-content\/uploads\/2021\/06\/georginio-wijnaldum-liverpool.jpg","articleSection":["\u00daltimas not\u00edcias"],"inLanguage":"pt-BR","potentialAction":[{"@type":"CommentAction","name":"Comment","target":["https:\/\/neymarjr.org\/pt-br\/news-pt-br\/o-amigo-de-neymar-pronto-para-assinar-com-o-psg-neste-verao\/#respond"]}]},{"@type":"WebPage","@id":"https:\/\/neymarjr.org\/pt-br\/news-pt-br\/o-amigo-de-neymar-pronto-para-assinar-com-o-psg-neste-verao\/","url":"https:\/\/neymarjr.org\/pt-br\/news-pt-br\/o-amigo-de-neymar-pronto-para-assinar-com-o-psg-neste-verao\/","name":"O Paris Saint-Germain est\u00e1 perto de anunciar oficialmente a mudan\u00e7a de Wijnaldum","isPartOf":{"@id":"https:\/\/neymarjr.org\/#website"},"primaryImageOfPage":{"@id":"https:\/\/neymarjr.org\/pt-br\/news-pt-br\/o-amigo-de-neymar-pronto-para-assinar-com-o-psg-neste-verao\/#primaryimage"},"image":{"@id":"https:\/\/neymarjr.org\/pt-br\/news-pt-br\/o-amigo-de-neymar-pronto-para-assinar-com-o-psg-neste-verao\/#primaryimage"},"thumbnailUrl":"https:\/\/neymarjr.org\/wp-content\/uploads\/2021\/06\/georginio-wijnaldum-liverpool.jpg","datePublished":"2021-06-08T07:22:32+00:00","dateModified":"2021-06-08T07:22:33+00:00","description":"Adquirido no ver\u00e3o passado por 72 milh\u00f5es de euros em um acordo com Miralem Pjanic, que se mudou para Barcelona, Arthur Melo n\u00e3o tem planos de finalizar seu contrato, que vai at\u00e9 junho de 2025.","breadcrumb":{"@id":"https:\/\/neymarjr.org\/pt-br\/news-pt-br\/o-amigo-de-neymar-pronto-para-assinar-com-o-psg-neste-verao\/#breadcrumb"},"inLanguage":"pt-BR","potentialAction":[{"@type":"ReadAction","target":["https:\/\/neymarjr.org\/pt-br\/news-pt-br\/o-amigo-de-neymar-pronto-para-assinar-com-o-psg-neste-verao\/"]}]},{"@type":"ImageObject","inLanguage":"pt-BR","@id":"https:\/\/neymarjr.org\/pt-br\/news-pt-br\/o-amigo-de-neymar-pronto-para-assinar-com-o-psg-neste-verao\/#primaryimage","url":"https:\/\/neymarjr.org\/wp-content\/uploads\/2021\/06\/georginio-wijnaldum-liverpool.jpg","contentUrl":"https:\/\/neymarjr.org\/wp-content\/uploads\/2021\/06\/georginio-wijnaldum-liverpool.jpg","width":1200,"height":675,"caption":"LIVERPOOL, UNITED KINGDOM - DECEMBER 1: Georginio Wijnaldum of Liverpool during the UEFA Champions League match between Liverpool v Ajax at the Anfield on December 1, 2020 in Liverpool United Kingdom (Photo by Richard Sellers\/Soccrates\/Getty Images)"},{"@type":"BreadcrumbList","@id":"https:\/\/neymarjr.org\/pt-br\/news-pt-br\/o-amigo-de-neymar-pronto-para-assinar-com-o-psg-neste-verao\/#breadcrumb","itemListElement":[{"@type":"ListItem","position":1,"name":"Home","item":"https:\/\/neymarjr.org\/"},{"@type":"ListItem","position":2,"name":"O amigo de Neymar pronto para assinar com o PSG neste ver\u00e3o"}]},{"@type":"WebSite","@id":"https:\/\/neymarjr.org\/#website","url":"https:\/\/neymarjr.org\/","name":"N\u0435ym\u0430r","description":"","publisher":{"@id":"https:\/\/neymarjr.org\/#organization"},"potentialAction":[{"@type":"SearchAction","target":{"@type":"EntryPoint","urlTemplate":"https:\/\/neymarjr.org\/?s={search_term_string}"},"query-input":{"@type":"PropertyValueSpecification","valueRequired":true,"valueName":"search_term_string"}}],"inLanguage":"pt-BR"},{"@type":"Organization","@id":"https:\/\/neymarjr.org\/#organization","name":"N\u0435ym\u0430r","url":"https:\/\/neymarjr.org\/","logo":{"@type":"ImageObject","inLanguage":"pt-BR","@id":"https:\/\/neymarjr.org\/#\/schema\/logo\/image\/","url":"https:\/\/neymarjr.org\/wp-content\/uploads\/2021\/03\/Group-31.png","contentUrl":"https:\/\/neymarjr.org\/wp-content\/uploads\/2021\/03\/Group-31.png","width":154,"height":36,"caption":"N\u0435ym\u0430r"},"image":{"@id":"https:\/\/neymarjr.org\/#\/schema\/logo\/image\/"}},{"@type":"Person","@id":"https:\/\/neymarjr.org\/#\/schema\/person\/26b98c8504f22296c90e93fdfaae4058","name":"Martim Caldeira","image":{"@type":"ImageObject","inLanguage":"pt-BR","@id":"https:\/\/neymarjr.org\/#\/schema\/person\/image\/","url":"https:\/\/secure.gravatar.com\/avatar\/bd38ab5e85e236cce8c6cc20127c72e2ccb6e3cc22e51443b507b45166e23ce5?s=96&d=mm&r=g","contentUrl":"https:\/\/secure.gravatar.com\/avatar\/bd38ab5e85e236cce8c6cc20127c72e2ccb6e3cc22e51443b507b45166e23ce5?s=96&d=mm&r=g","caption":"Martim Caldeira"},"url":"https:\/\/neymarjr.org\/pt-br\/author\/seoswat\/"}]}},"_links":{"self":[{"href":"https:\/\/neymarjr.org\/pt-br\/wp-json\/wp\/v2\/posts\/1838","targetHints":{"allow":["GET"]}}],"collection":[{"href":"https:\/\/neymarjr.org\/pt-br\/wp-json\/wp\/v2\/posts"}],"about":[{"href":"https:\/\/neymarjr.org\/pt-br\/wp-json\/wp\/v2\/types\/post"}],"author":[{"embeddable":true,"href":"https:\/\/neymarjr.org\/pt-br\/wp-json\/wp\/v2\/users\/3"}],"replies":[{"embeddable":true,"href":"https:\/\/neymarjr.org\/pt-br\/wp-json\/wp\/v2\/comments?post=1838"}],"version-history":[{"count":1,"href":"https:\/\/neymarjr.org\/pt-br\/wp-json\/wp\/v2\/posts\/1838\/revisions"}],"predecessor-version":[{"id":1840,"href":"https:\/\/neymarjr.org\/pt-br\/wp-json\/wp\/v2\/posts\/1838\/revisions\/1840"}],"wp:featuredmedia":[{"embeddable":true,"href":"https:\/\/neymarjr.org\/pt-br\/wp-json\/wp\/v2\/media\/1835"}],"wp:attachment":[{"href":"https:\/\/neymarjr.org\/pt-br\/wp-json\/wp\/v2\/media?parent=1838"}],"wp:term":[{"taxonomy":"category","embeddable":true,"href":"https:\/\/neymarjr.org\/pt-br\/wp-json\/wp\/v2\/categories?post=1838"},{"taxonomy":"post_tag","embeddable":true,"href":"https:\/\/neymarjr.org\/pt-br\/wp-json\/wp\/v2\/tags?post=1838"}],"curies":[{"name":"wp","href":"https:\/\/api.w.org\/{rel}","templated":true}]}}