{"id":2047,"date":"2021-06-11T12:48:51","date_gmt":"2021-06-11T09:48:51","guid":{"rendered":"https:\/\/neymarjr.org\/?p=2047"},"modified":"2021-06-11T13:50:49","modified_gmt":"2021-06-11T10:50:49","slug":"buhafsi-acredita-que-neymar-nao-amadureceu","status":"publish","type":"post","link":"https:\/\/neymarjr.org\/pt-br\/news-pt-br\/buhafsi-acredita-que-neymar-nao-amadureceu\/","title":{"rendered":"Buhafsi acredita que Neymar &#8220;n\u00e3o amadureceu&#8221;"},"content":{"rendered":"\n<p><strong>Mohamed Bouhafsi<\/strong> acredita que Neymar (29) est\u00e1 vivendo uma vida longe de ser impec\u00e1vel. Ele acredita que o brasileiro n\u00e3o amadureceu tanto quanto deveria. Falando com a RMC, o jornalista reagiu aos coment\u00e1rios do jogador do PSG a respeito de seu profissionalismo. Ele discordou dele quando disse que era irrepreens\u00edvel: <\/p>\n\n\n\n<blockquote class=\"wp-block-quote is-layout-flow wp-block-quote-is-layout-flow\"><p>&#8220;Eu acho que ele \u00e9 sincero no que diz. Ele acha que \u00e9 normal. Ele \u00e9 sincero, mas n\u00e3o entende a situa\u00e7\u00e3o. Para ele jogar Call of Duty ou p\u00f4quer at\u00e9 as quatro da manh\u00e3 n\u00e3o \u00e9 s\u00e9rio, \u00e9 parte de seu jogo, \u00e9 parte de sua vida, ele era assim no Brasil. Meu \u00fanico arrependimento \u00e9 que ele est\u00e1 prestes a completar 30 anos e este jogador nunca amadureceu. Mas ele \u00e9 um jogador excepcional e eu o amo. \u00c0s vezes digo a mim mesmo com grande pesar: &#8216;E se ele fosse mais profissional, se tivesse mais respeito por seu corpo, que jogador teria sido&#8221;,  <\/p><cite> disse ele. <\/cite><\/blockquote>\n\n\n\n<p>Neymar perdeu 82 partidas desde que entrou para o PSG devido a enfermidades f\u00edsicas. Alguns v\u00eaem uma liga\u00e7\u00e3o entre seus ferimentos e seu estilo de vida. Mas isso n\u00e3o impediu o clube parisiense de assin\u00e1-lo para um novo contrato at\u00e9 2025.  <\/p>\n","protected":false},"excerpt":{"rendered":"<p>Mohamed Bouhafsi acredita que Neymar (29) est\u00e1 vivendo uma vida longe de ser impec\u00e1vel. Ele acredita que o brasileiro n\u00e3o amadureceu tanto quanto deveria. Falando &hellip; <\/p>\n","protected":false},"author":3,"featured_media":2044,"comment_status":"open","ping_status":"open","sticky":false,"template":"","format":"standard","meta":{"footnotes":""},"categories":[26],"tags":[],"class_list":["post-2047","post","type-post","status-publish","format-standard","has-post-thumbnail","hentry","category-news-pt-br"],"yoast_head":"<!-- This site is optimized with the Yoast SEO plugin v26.5 - https:\/\/yoast.com\/wordpress\/plugins\/seo\/ -->\n<title>Buhafsi acredita que Neymar n\u00e3o amadureceu<\/title>\n<meta name=\"description\" content=\"Bouhafsi acredita que Neymar (29) est\u00e1 vivendo uma vida longe de ser impec\u00e1vel. Ele acredita que o brasileiro n\u00e3o amadureceu tanto quanto deveria.\" \/>\n<meta name=\"robots\" content=\"index, follow, max-snippet:-1, max-image-preview:large, max-video-preview:-1\" \/>\n<link rel=\"canonical\" href=\"https:\/\/neymarjr.org\/pt-br\/news-pt-br\/buhafsi-acredita-que-neymar-nao-amadureceu\/\" \/>\n<meta property=\"og:locale\" content=\"pt_BR\" \/>\n<meta property=\"og:type\" content=\"article\" \/>\n<meta property=\"og:title\" content=\"Buhafsi acredita que Neymar n\u00e3o amadureceu\" \/>\n<meta property=\"og:description\" content=\"Bouhafsi acredita que Neymar (29) est\u00e1 vivendo uma vida longe de ser impec\u00e1vel. Ele acredita que o brasileiro n\u00e3o amadureceu tanto quanto deveria.\" \/>\n<meta property=\"og:url\" content=\"https:\/\/neymarjr.org\/pt-br\/news-pt-br\/buhafsi-acredita-que-neymar-nao-amadureceu\/\" \/>\n<meta property=\"og:site_name\" content=\"N\u0435ym\u0430r\" \/>\n<meta property=\"article:published_time\" content=\"2021-06-11T09:48:51+00:00\" \/>\n<meta property=\"article:modified_time\" content=\"2021-06-11T10:50:49+00:00\" \/>\n<meta property=\"og:image\" content=\"https:\/\/neymarjr.org\/wp-content\/uploads\/2021\/06\/Mohamed-Bouhafsi.jpg\" \/>\n\t<meta property=\"og:image:width\" content=\"1620\" \/>\n\t<meta property=\"og:image:height\" content=\"1080\" \/>\n\t<meta property=\"og:image:type\" content=\"image\/jpeg\" \/>\n<meta name=\"author\" content=\"Martim Caldeira\" \/>\n<meta name=\"twitter:card\" content=\"summary_large_image\" \/>\n<meta name=\"twitter:label1\" content=\"Escrito por\" \/>\n\t<meta name=\"twitter:data1\" content=\"Martim Caldeira\" \/>\n\t<meta name=\"twitter:label2\" content=\"Est. tempo de leitura\" \/>\n\t<meta name=\"twitter:data2\" content=\"1 minuto\" \/>\n<script type=\"application\/ld+json\" class=\"yoast-schema-graph\">{\"@context\":\"https:\/\/schema.org\",\"@graph\":[{\"@type\":\"Article\",\"@id\":\"https:\/\/neymarjr.org\/pt-br\/news-pt-br\/buhafsi-acredita-que-neymar-nao-amadureceu\/#article\",\"isPartOf\":{\"@id\":\"https:\/\/neymarjr.org\/pt-br\/news-pt-br\/buhafsi-acredita-que-neymar-nao-amadureceu\/\"},\"author\":{\"name\":\"Martim Caldeira\",\"@id\":\"https:\/\/neymarjr.org\/#\/schema\/person\/26b98c8504f22296c90e93fdfaae4058\"},\"headline\":\"Buhafsi acredita que Neymar &#8220;n\u00e3o amadureceu&#8221;\",\"datePublished\":\"2021-06-11T09:48:51+00:00\",\"dateModified\":\"2021-06-11T10:50:49+00:00\",\"mainEntityOfPage\":{\"@id\":\"https:\/\/neymarjr.org\/pt-br\/news-pt-br\/buhafsi-acredita-que-neymar-nao-amadureceu\/\"},\"wordCount\":208,\"commentCount\":0,\"publisher\":{\"@id\":\"https:\/\/neymarjr.org\/#organization\"},\"image\":{\"@id\":\"https:\/\/neymarjr.org\/pt-br\/news-pt-br\/buhafsi-acredita-que-neymar-nao-amadureceu\/#primaryimage\"},\"thumbnailUrl\":\"https:\/\/neymarjr.org\/wp-content\/uploads\/2021\/06\/Mohamed-Bouhafsi.jpg\",\"articleSection\":[\"\u00daltimas not\u00edcias\"],\"inLanguage\":\"pt-BR\",\"potentialAction\":[{\"@type\":\"CommentAction\",\"name\":\"Comment\",\"target\":[\"https:\/\/neymarjr.org\/pt-br\/news-pt-br\/buhafsi-acredita-que-neymar-nao-amadureceu\/#respond\"]}]},{\"@type\":\"WebPage\",\"@id\":\"https:\/\/neymarjr.org\/pt-br\/news-pt-br\/buhafsi-acredita-que-neymar-nao-amadureceu\/\",\"url\":\"https:\/\/neymarjr.org\/pt-br\/news-pt-br\/buhafsi-acredita-que-neymar-nao-amadureceu\/\",\"name\":\"Buhafsi acredita que Neymar n\u00e3o amadureceu\",\"isPartOf\":{\"@id\":\"https:\/\/neymarjr.org\/#website\"},\"primaryImageOfPage\":{\"@id\":\"https:\/\/neymarjr.org\/pt-br\/news-pt-br\/buhafsi-acredita-que-neymar-nao-amadureceu\/#primaryimage\"},\"image\":{\"@id\":\"https:\/\/neymarjr.org\/pt-br\/news-pt-br\/buhafsi-acredita-que-neymar-nao-amadureceu\/#primaryimage\"},\"thumbnailUrl\":\"https:\/\/neymarjr.org\/wp-content\/uploads\/2021\/06\/Mohamed-Bouhafsi.jpg\",\"datePublished\":\"2021-06-11T09:48:51+00:00\",\"dateModified\":\"2021-06-11T10:50:49+00:00\",\"description\":\"Bouhafsi acredita que Neymar (29) est\u00e1 vivendo uma vida longe de ser impec\u00e1vel. Ele acredita que o brasileiro n\u00e3o amadureceu tanto quanto deveria.\",\"breadcrumb\":{\"@id\":\"https:\/\/neymarjr.org\/pt-br\/news-pt-br\/buhafsi-acredita-que-neymar-nao-amadureceu\/#breadcrumb\"},\"inLanguage\":\"pt-BR\",\"potentialAction\":[{\"@type\":\"ReadAction\",\"target\":[\"https:\/\/neymarjr.org\/pt-br\/news-pt-br\/buhafsi-acredita-que-neymar-nao-amadureceu\/\"]}]},{\"@type\":\"ImageObject\",\"inLanguage\":\"pt-BR\",\"@id\":\"https:\/\/neymarjr.org\/pt-br\/news-pt-br\/buhafsi-acredita-que-neymar-nao-amadureceu\/#primaryimage\",\"url\":\"https:\/\/neymarjr.org\/wp-content\/uploads\/2021\/06\/Mohamed-Bouhafsi.jpg\",\"contentUrl\":\"https:\/\/neymarjr.org\/wp-content\/uploads\/2021\/06\/Mohamed-Bouhafsi.jpg\",\"width\":1620,\"height\":1080,\"caption\":\"Mohamed Bouhafsi\"},{\"@type\":\"BreadcrumbList\",\"@id\":\"https:\/\/neymarjr.org\/pt-br\/news-pt-br\/buhafsi-acredita-que-neymar-nao-amadureceu\/#breadcrumb\",\"itemListElement\":[{\"@type\":\"ListItem\",\"position\":1,\"name\":\"Home\",\"item\":\"https:\/\/neymarjr.org\/\"},{\"@type\":\"ListItem\",\"position\":2,\"name\":\"Buhafsi acredita que Neymar &#8220;n\u00e3o amadureceu&#8221;\"}]},{\"@type\":\"WebSite\",\"@id\":\"https:\/\/neymarjr.org\/#website\",\"url\":\"https:\/\/neymarjr.org\/\",\"name\":\"N\u0435ym\u0430r\",\"description\":\"\",\"publisher\":{\"@id\":\"https:\/\/neymarjr.org\/#organization\"},\"potentialAction\":[{\"@type\":\"SearchAction\",\"target\":{\"@type\":\"EntryPoint\",\"urlTemplate\":\"https:\/\/neymarjr.org\/?s={search_term_string}\"},\"query-input\":{\"@type\":\"PropertyValueSpecification\",\"valueRequired\":true,\"valueName\":\"search_term_string\"}}],\"inLanguage\":\"pt-BR\"},{\"@type\":\"Organization\",\"@id\":\"https:\/\/neymarjr.org\/#organization\",\"name\":\"N\u0435ym\u0430r\",\"url\":\"https:\/\/neymarjr.org\/\",\"logo\":{\"@type\":\"ImageObject\",\"inLanguage\":\"pt-BR\",\"@id\":\"https:\/\/neymarjr.org\/#\/schema\/logo\/image\/\",\"url\":\"https:\/\/neymarjr.org\/wp-content\/uploads\/2021\/03\/Group-31.png\",\"contentUrl\":\"https:\/\/neymarjr.org\/wp-content\/uploads\/2021\/03\/Group-31.png\",\"width\":154,\"height\":36,\"caption\":\"N\u0435ym\u0430r\"},\"image\":{\"@id\":\"https:\/\/neymarjr.org\/#\/schema\/logo\/image\/\"}},{\"@type\":\"Person\",\"@id\":\"https:\/\/neymarjr.org\/#\/schema\/person\/26b98c8504f22296c90e93fdfaae4058\",\"name\":\"Martim Caldeira\",\"image\":{\"@type\":\"ImageObject\",\"inLanguage\":\"pt-BR\",\"@id\":\"https:\/\/neymarjr.org\/#\/schema\/person\/image\/\",\"url\":\"https:\/\/secure.gravatar.com\/avatar\/bd38ab5e85e236cce8c6cc20127c72e2ccb6e3cc22e51443b507b45166e23ce5?s=96&d=mm&r=g\",\"contentUrl\":\"https:\/\/secure.gravatar.com\/avatar\/bd38ab5e85e236cce8c6cc20127c72e2ccb6e3cc22e51443b507b45166e23ce5?s=96&d=mm&r=g\",\"caption\":\"Martim Caldeira\"},\"url\":\"https:\/\/neymarjr.org\/pt-br\/author\/seoswat\/\"}]}<\/script>\n<!-- \/ Yoast SEO plugin. -->","yoast_head_json":{"title":"Buhafsi acredita que Neymar n\u00e3o amadureceu","description":"Bouhafsi acredita que Neymar (29) est\u00e1 vivendo uma vida longe de ser impec\u00e1vel. Ele acredita que o brasileiro n\u00e3o amadureceu tanto quanto deveria.","robots":{"index":"index","follow":"follow","max-snippet":"max-snippet:-1","max-image-preview":"max-image-preview:large","max-video-preview":"max-video-preview:-1"},"canonical":"https:\/\/neymarjr.org\/pt-br\/news-pt-br\/buhafsi-acredita-que-neymar-nao-amadureceu\/","og_locale":"pt_BR","og_type":"article","og_title":"Buhafsi acredita que Neymar n\u00e3o amadureceu","og_description":"Bouhafsi acredita que Neymar (29) est\u00e1 vivendo uma vida longe de ser impec\u00e1vel. Ele acredita que o brasileiro n\u00e3o amadureceu tanto quanto deveria.","og_url":"https:\/\/neymarjr.org\/pt-br\/news-pt-br\/buhafsi-acredita-que-neymar-nao-amadureceu\/","og_site_name":"N\u0435ym\u0430r","article_published_time":"2021-06-11T09:48:51+00:00","article_modified_time":"2021-06-11T10:50:49+00:00","og_image":[{"width":1620,"height":1080,"url":"https:\/\/neymarjr.org\/wp-content\/uploads\/2021\/06\/Mohamed-Bouhafsi.jpg","type":"image\/jpeg"}],"author":"Martim Caldeira","twitter_card":"summary_large_image","twitter_misc":{"Escrito por":"Martim Caldeira","Est. tempo de leitura":"1 minuto"},"schema":{"@context":"https:\/\/schema.org","@graph":[{"@type":"Article","@id":"https:\/\/neymarjr.org\/pt-br\/news-pt-br\/buhafsi-acredita-que-neymar-nao-amadureceu\/#article","isPartOf":{"@id":"https:\/\/neymarjr.org\/pt-br\/news-pt-br\/buhafsi-acredita-que-neymar-nao-amadureceu\/"},"author":{"name":"Martim Caldeira","@id":"https:\/\/neymarjr.org\/#\/schema\/person\/26b98c8504f22296c90e93fdfaae4058"},"headline":"Buhafsi acredita que Neymar &#8220;n\u00e3o amadureceu&#8221;","datePublished":"2021-06-11T09:48:51+00:00","dateModified":"2021-06-11T10:50:49+00:00","mainEntityOfPage":{"@id":"https:\/\/neymarjr.org\/pt-br\/news-pt-br\/buhafsi-acredita-que-neymar-nao-amadureceu\/"},"wordCount":208,"commentCount":0,"publisher":{"@id":"https:\/\/neymarjr.org\/#organization"},"image":{"@id":"https:\/\/neymarjr.org\/pt-br\/news-pt-br\/buhafsi-acredita-que-neymar-nao-amadureceu\/#primaryimage"},"thumbnailUrl":"https:\/\/neymarjr.org\/wp-content\/uploads\/2021\/06\/Mohamed-Bouhafsi.jpg","articleSection":["\u00daltimas not\u00edcias"],"inLanguage":"pt-BR","potentialAction":[{"@type":"CommentAction","name":"Comment","target":["https:\/\/neymarjr.org\/pt-br\/news-pt-br\/buhafsi-acredita-que-neymar-nao-amadureceu\/#respond"]}]},{"@type":"WebPage","@id":"https:\/\/neymarjr.org\/pt-br\/news-pt-br\/buhafsi-acredita-que-neymar-nao-amadureceu\/","url":"https:\/\/neymarjr.org\/pt-br\/news-pt-br\/buhafsi-acredita-que-neymar-nao-amadureceu\/","name":"Buhafsi acredita que Neymar n\u00e3o amadureceu","isPartOf":{"@id":"https:\/\/neymarjr.org\/#website"},"primaryImageOfPage":{"@id":"https:\/\/neymarjr.org\/pt-br\/news-pt-br\/buhafsi-acredita-que-neymar-nao-amadureceu\/#primaryimage"},"image":{"@id":"https:\/\/neymarjr.org\/pt-br\/news-pt-br\/buhafsi-acredita-que-neymar-nao-amadureceu\/#primaryimage"},"thumbnailUrl":"https:\/\/neymarjr.org\/wp-content\/uploads\/2021\/06\/Mohamed-Bouhafsi.jpg","datePublished":"2021-06-11T09:48:51+00:00","dateModified":"2021-06-11T10:50:49+00:00","description":"Bouhafsi acredita que Neymar (29) est\u00e1 vivendo uma vida longe de ser impec\u00e1vel. Ele acredita que o brasileiro n\u00e3o amadureceu tanto quanto deveria.","breadcrumb":{"@id":"https:\/\/neymarjr.org\/pt-br\/news-pt-br\/buhafsi-acredita-que-neymar-nao-amadureceu\/#breadcrumb"},"inLanguage":"pt-BR","potentialAction":[{"@type":"ReadAction","target":["https:\/\/neymarjr.org\/pt-br\/news-pt-br\/buhafsi-acredita-que-neymar-nao-amadureceu\/"]}]},{"@type":"ImageObject","inLanguage":"pt-BR","@id":"https:\/\/neymarjr.org\/pt-br\/news-pt-br\/buhafsi-acredita-que-neymar-nao-amadureceu\/#primaryimage","url":"https:\/\/neymarjr.org\/wp-content\/uploads\/2021\/06\/Mohamed-Bouhafsi.jpg","contentUrl":"https:\/\/neymarjr.org\/wp-content\/uploads\/2021\/06\/Mohamed-Bouhafsi.jpg","width":1620,"height":1080,"caption":"Mohamed Bouhafsi"},{"@type":"BreadcrumbList","@id":"https:\/\/neymarjr.org\/pt-br\/news-pt-br\/buhafsi-acredita-que-neymar-nao-amadureceu\/#breadcrumb","itemListElement":[{"@type":"ListItem","position":1,"name":"Home","item":"https:\/\/neymarjr.org\/"},{"@type":"ListItem","position":2,"name":"Buhafsi acredita que Neymar &#8220;n\u00e3o amadureceu&#8221;"}]},{"@type":"WebSite","@id":"https:\/\/neymarjr.org\/#website","url":"https:\/\/neymarjr.org\/","name":"N\u0435ym\u0430r","description":"","publisher":{"@id":"https:\/\/neymarjr.org\/#organization"},"potentialAction":[{"@type":"SearchAction","target":{"@type":"EntryPoint","urlTemplate":"https:\/\/neymarjr.org\/?s={search_term_string}"},"query-input":{"@type":"PropertyValueSpecification","valueRequired":true,"valueName":"search_term_string"}}],"inLanguage":"pt-BR"},{"@type":"Organization","@id":"https:\/\/neymarjr.org\/#organization","name":"N\u0435ym\u0430r","url":"https:\/\/neymarjr.org\/","logo":{"@type":"ImageObject","inLanguage":"pt-BR","@id":"https:\/\/neymarjr.org\/#\/schema\/logo\/image\/","url":"https:\/\/neymarjr.org\/wp-content\/uploads\/2021\/03\/Group-31.png","contentUrl":"https:\/\/neymarjr.org\/wp-content\/uploads\/2021\/03\/Group-31.png","width":154,"height":36,"caption":"N\u0435ym\u0430r"},"image":{"@id":"https:\/\/neymarjr.org\/#\/schema\/logo\/image\/"}},{"@type":"Person","@id":"https:\/\/neymarjr.org\/#\/schema\/person\/26b98c8504f22296c90e93fdfaae4058","name":"Martim Caldeira","image":{"@type":"ImageObject","inLanguage":"pt-BR","@id":"https:\/\/neymarjr.org\/#\/schema\/person\/image\/","url":"https:\/\/secure.gravatar.com\/avatar\/bd38ab5e85e236cce8c6cc20127c72e2ccb6e3cc22e51443b507b45166e23ce5?s=96&d=mm&r=g","contentUrl":"https:\/\/secure.gravatar.com\/avatar\/bd38ab5e85e236cce8c6cc20127c72e2ccb6e3cc22e51443b507b45166e23ce5?s=96&d=mm&r=g","caption":"Martim Caldeira"},"url":"https:\/\/neymarjr.org\/pt-br\/author\/seoswat\/"}]}},"_links":{"self":[{"href":"https:\/\/neymarjr.org\/pt-br\/wp-json\/wp\/v2\/posts\/2047","targetHints":{"allow":["GET"]}}],"collection":[{"href":"https:\/\/neymarjr.org\/pt-br\/wp-json\/wp\/v2\/posts"}],"about":[{"href":"https:\/\/neymarjr.org\/pt-br\/wp-json\/wp\/v2\/types\/post"}],"author":[{"embeddable":true,"href":"https:\/\/neymarjr.org\/pt-br\/wp-json\/wp\/v2\/users\/3"}],"replies":[{"embeddable":true,"href":"https:\/\/neymarjr.org\/pt-br\/wp-json\/wp\/v2\/comments?post=2047"}],"version-history":[{"count":1,"href":"https:\/\/neymarjr.org\/pt-br\/wp-json\/wp\/v2\/posts\/2047\/revisions"}],"predecessor-version":[{"id":2050,"href":"https:\/\/neymarjr.org\/pt-br\/wp-json\/wp\/v2\/posts\/2047\/revisions\/2050"}],"wp:featuredmedia":[{"embeddable":true,"href":"https:\/\/neymarjr.org\/pt-br\/wp-json\/wp\/v2\/media\/2044"}],"wp:attachment":[{"href":"https:\/\/neymarjr.org\/pt-br\/wp-json\/wp\/v2\/media?parent=2047"}],"wp:term":[{"taxonomy":"category","embeddable":true,"href":"https:\/\/neymarjr.org\/pt-br\/wp-json\/wp\/v2\/categories?post=2047"},{"taxonomy":"post_tag","embeddable":true,"href":"https:\/\/neymarjr.org\/pt-br\/wp-json\/wp\/v2\/tags?post=2047"}],"curies":[{"name":"wp","href":"https:\/\/api.w.org\/{rel}","templated":true}]}}