{"id":2075,"date":"2021-06-11T14:48:43","date_gmt":"2021-06-11T11:48:43","guid":{"rendered":"https:\/\/neymarjr.org\/?p=2075"},"modified":"2021-06-11T14:48:44","modified_gmt":"2021-06-11T11:48:44","slug":"pogba-sobre-rumores-de-uma-mudanca-para-o-psg-eu-nao-tenho-o-numero-de-nasser-al-khelifi","status":"publish","type":"post","link":"https:\/\/neymarjr.org\/pt-br\/news-pt-br\/pogba-sobre-rumores-de-uma-mudanca-para-o-psg-eu-nao-tenho-o-numero-de-nasser-al-khelifi\/","title":{"rendered":"Pogba sobre rumores de uma mudan\u00e7a para o PSG: &#8220;Eu n\u00e3o tenho o n\u00famero de Nasser Al-Khelifi&#8221;"},"content":{"rendered":"\n<p>O meio-campista do Manchester United, <strong>Paul Pogba<\/strong>, falou sobre uma poss\u00edvel mudan\u00e7a para o PSG.<\/p>\n\n\n\n<blockquote class=\"wp-block-quote is-layout-flow wp-block-quote-is-layout-flow\"><p>&#8220;Ainda tenho um ano de contrato. Todos sabem sobre isso. Ainda n\u00e3o houve nenhuma oferta concreta do Manchester United FC.<\/p><p><\/p><p>Eu ainda n\u00e3o falei sobre isso com a ger\u00eancia e os treinadores. Eu ainda sou um jogador do Manchester United. Neste momento estou pensando sobre os Euros, concentrando-me naquele torneio.<\/p><p><\/p><p>Eu tenho um agente que lida com esse tipo de coisa. Eu n\u00e3o tenho o n\u00famero do [presidente do PSG] Nasser Al-Khelifi&#8221;.<\/p><cite> disse Pogba. <\/cite><\/blockquote>\n","protected":false},"excerpt":{"rendered":"<p>O meio-campista do Manchester United, Paul Pogba, falou sobre uma poss\u00edvel mudan\u00e7a para o PSG. &#8220;Ainda tenho um ano de contrato. Todos sabem sobre isso. &hellip; <\/p>\n","protected":false},"author":3,"featured_media":0,"comment_status":"open","ping_status":"open","sticky":false,"template":"","format":"standard","meta":{"footnotes":""},"categories":[26],"tags":[],"class_list":["post-2075","post","type-post","status-publish","format-standard","hentry","category-news-pt-br"],"yoast_head":"<!-- This site is optimized with the Yoast SEO plugin v26.5 - https:\/\/yoast.com\/wordpress\/plugins\/seo\/ -->\n<title>Pogba sobre rumores de uma mudan\u00e7a para o PSG<\/title>\n<meta name=\"description\" content=\"Eu ainda n\u00e3o falei sobre isso com a ger\u00eancia e os treinadores. Eu ainda sou um jogador do Manchester United.\" \/>\n<meta name=\"robots\" content=\"index, follow, max-snippet:-1, max-image-preview:large, max-video-preview:-1\" \/>\n<link rel=\"canonical\" href=\"https:\/\/neymarjr.org\/pt-br\/news-pt-br\/pogba-sobre-rumores-de-uma-mudanca-para-o-psg-eu-nao-tenho-o-numero-de-nasser-al-khelifi\/\" \/>\n<meta property=\"og:locale\" content=\"pt_BR\" \/>\n<meta property=\"og:type\" content=\"article\" \/>\n<meta property=\"og:title\" content=\"Pogba sobre rumores de uma mudan\u00e7a para o PSG\" \/>\n<meta property=\"og:description\" content=\"Eu ainda n\u00e3o falei sobre isso com a ger\u00eancia e os treinadores. Eu ainda sou um jogador do Manchester United.\" \/>\n<meta property=\"og:url\" content=\"https:\/\/neymarjr.org\/pt-br\/news-pt-br\/pogba-sobre-rumores-de-uma-mudanca-para-o-psg-eu-nao-tenho-o-numero-de-nasser-al-khelifi\/\" \/>\n<meta property=\"og:site_name\" content=\"N\u0435ym\u0430r\" \/>\n<meta property=\"article:published_time\" content=\"2021-06-11T11:48:43+00:00\" \/>\n<meta property=\"article:modified_time\" content=\"2021-06-11T11:48:44+00:00\" \/>\n<meta name=\"author\" content=\"Martim Caldeira\" \/>\n<meta name=\"twitter:card\" content=\"summary_large_image\" \/>\n<meta name=\"twitter:label1\" content=\"Escrito por\" \/>\n\t<meta name=\"twitter:data1\" content=\"Martim Caldeira\" \/>\n<script type=\"application\/ld+json\" class=\"yoast-schema-graph\">{\"@context\":\"https:\/\/schema.org\",\"@graph\":[{\"@type\":\"Article\",\"@id\":\"https:\/\/neymarjr.org\/pt-br\/news-pt-br\/pogba-sobre-rumores-de-uma-mudanca-para-o-psg-eu-nao-tenho-o-numero-de-nasser-al-khelifi\/#article\",\"isPartOf\":{\"@id\":\"https:\/\/neymarjr.org\/pt-br\/news-pt-br\/pogba-sobre-rumores-de-uma-mudanca-para-o-psg-eu-nao-tenho-o-numero-de-nasser-al-khelifi\/\"},\"author\":{\"name\":\"Martim Caldeira\",\"@id\":\"https:\/\/neymarjr.org\/#\/schema\/person\/26b98c8504f22296c90e93fdfaae4058\"},\"headline\":\"Pogba sobre rumores de uma mudan\u00e7a para o PSG: &#8220;Eu n\u00e3o tenho o n\u00famero de Nasser Al-Khelifi&#8221;\",\"datePublished\":\"2021-06-11T11:48:43+00:00\",\"dateModified\":\"2021-06-11T11:48:44+00:00\",\"mainEntityOfPage\":{\"@id\":\"https:\/\/neymarjr.org\/pt-br\/news-pt-br\/pogba-sobre-rumores-de-uma-mudanca-para-o-psg-eu-nao-tenho-o-numero-de-nasser-al-khelifi\/\"},\"wordCount\":116,\"commentCount\":0,\"publisher\":{\"@id\":\"https:\/\/neymarjr.org\/#organization\"},\"articleSection\":[\"\u00daltimas not\u00edcias\"],\"inLanguage\":\"pt-BR\",\"potentialAction\":[{\"@type\":\"CommentAction\",\"name\":\"Comment\",\"target\":[\"https:\/\/neymarjr.org\/pt-br\/news-pt-br\/pogba-sobre-rumores-de-uma-mudanca-para-o-psg-eu-nao-tenho-o-numero-de-nasser-al-khelifi\/#respond\"]}]},{\"@type\":\"WebPage\",\"@id\":\"https:\/\/neymarjr.org\/pt-br\/news-pt-br\/pogba-sobre-rumores-de-uma-mudanca-para-o-psg-eu-nao-tenho-o-numero-de-nasser-al-khelifi\/\",\"url\":\"https:\/\/neymarjr.org\/pt-br\/news-pt-br\/pogba-sobre-rumores-de-uma-mudanca-para-o-psg-eu-nao-tenho-o-numero-de-nasser-al-khelifi\/\",\"name\":\"Pogba sobre rumores de uma mudan\u00e7a para o PSG\",\"isPartOf\":{\"@id\":\"https:\/\/neymarjr.org\/#website\"},\"datePublished\":\"2021-06-11T11:48:43+00:00\",\"dateModified\":\"2021-06-11T11:48:44+00:00\",\"description\":\"Eu ainda n\u00e3o falei sobre isso com a ger\u00eancia e os treinadores. Eu ainda sou um jogador do Manchester United.\",\"breadcrumb\":{\"@id\":\"https:\/\/neymarjr.org\/pt-br\/news-pt-br\/pogba-sobre-rumores-de-uma-mudanca-para-o-psg-eu-nao-tenho-o-numero-de-nasser-al-khelifi\/#breadcrumb\"},\"inLanguage\":\"pt-BR\",\"potentialAction\":[{\"@type\":\"ReadAction\",\"target\":[\"https:\/\/neymarjr.org\/pt-br\/news-pt-br\/pogba-sobre-rumores-de-uma-mudanca-para-o-psg-eu-nao-tenho-o-numero-de-nasser-al-khelifi\/\"]}]},{\"@type\":\"BreadcrumbList\",\"@id\":\"https:\/\/neymarjr.org\/pt-br\/news-pt-br\/pogba-sobre-rumores-de-uma-mudanca-para-o-psg-eu-nao-tenho-o-numero-de-nasser-al-khelifi\/#breadcrumb\",\"itemListElement\":[{\"@type\":\"ListItem\",\"position\":1,\"name\":\"Home\",\"item\":\"https:\/\/neymarjr.org\/\"},{\"@type\":\"ListItem\",\"position\":2,\"name\":\"Pogba sobre rumores de uma mudan\u00e7a para o PSG: &#8220;Eu n\u00e3o tenho o n\u00famero de Nasser Al-Khelifi&#8221;\"}]},{\"@type\":\"WebSite\",\"@id\":\"https:\/\/neymarjr.org\/#website\",\"url\":\"https:\/\/neymarjr.org\/\",\"name\":\"N\u0435ym\u0430r\",\"description\":\"\",\"publisher\":{\"@id\":\"https:\/\/neymarjr.org\/#organization\"},\"potentialAction\":[{\"@type\":\"SearchAction\",\"target\":{\"@type\":\"EntryPoint\",\"urlTemplate\":\"https:\/\/neymarjr.org\/?s={search_term_string}\"},\"query-input\":{\"@type\":\"PropertyValueSpecification\",\"valueRequired\":true,\"valueName\":\"search_term_string\"}}],\"inLanguage\":\"pt-BR\"},{\"@type\":\"Organization\",\"@id\":\"https:\/\/neymarjr.org\/#organization\",\"name\":\"N\u0435ym\u0430r\",\"url\":\"https:\/\/neymarjr.org\/\",\"logo\":{\"@type\":\"ImageObject\",\"inLanguage\":\"pt-BR\",\"@id\":\"https:\/\/neymarjr.org\/#\/schema\/logo\/image\/\",\"url\":\"https:\/\/neymarjr.org\/wp-content\/uploads\/2021\/03\/Group-31.png\",\"contentUrl\":\"https:\/\/neymarjr.org\/wp-content\/uploads\/2021\/03\/Group-31.png\",\"width\":154,\"height\":36,\"caption\":\"N\u0435ym\u0430r\"},\"image\":{\"@id\":\"https:\/\/neymarjr.org\/#\/schema\/logo\/image\/\"}},{\"@type\":\"Person\",\"@id\":\"https:\/\/neymarjr.org\/#\/schema\/person\/26b98c8504f22296c90e93fdfaae4058\",\"name\":\"Martim Caldeira\",\"image\":{\"@type\":\"ImageObject\",\"inLanguage\":\"pt-BR\",\"@id\":\"https:\/\/neymarjr.org\/#\/schema\/person\/image\/\",\"url\":\"https:\/\/secure.gravatar.com\/avatar\/bd38ab5e85e236cce8c6cc20127c72e2ccb6e3cc22e51443b507b45166e23ce5?s=96&d=mm&r=g\",\"contentUrl\":\"https:\/\/secure.gravatar.com\/avatar\/bd38ab5e85e236cce8c6cc20127c72e2ccb6e3cc22e51443b507b45166e23ce5?s=96&d=mm&r=g\",\"caption\":\"Martim Caldeira\"},\"url\":\"https:\/\/neymarjr.org\/pt-br\/author\/seoswat\/\"}]}<\/script>\n<!-- \/ Yoast SEO plugin. -->","yoast_head_json":{"title":"Pogba sobre rumores de uma mudan\u00e7a para o PSG","description":"Eu ainda n\u00e3o falei sobre isso com a ger\u00eancia e os treinadores. Eu ainda sou um jogador do Manchester United.","robots":{"index":"index","follow":"follow","max-snippet":"max-snippet:-1","max-image-preview":"max-image-preview:large","max-video-preview":"max-video-preview:-1"},"canonical":"https:\/\/neymarjr.org\/pt-br\/news-pt-br\/pogba-sobre-rumores-de-uma-mudanca-para-o-psg-eu-nao-tenho-o-numero-de-nasser-al-khelifi\/","og_locale":"pt_BR","og_type":"article","og_title":"Pogba sobre rumores de uma mudan\u00e7a para o PSG","og_description":"Eu ainda n\u00e3o falei sobre isso com a ger\u00eancia e os treinadores. Eu ainda sou um jogador do Manchester United.","og_url":"https:\/\/neymarjr.org\/pt-br\/news-pt-br\/pogba-sobre-rumores-de-uma-mudanca-para-o-psg-eu-nao-tenho-o-numero-de-nasser-al-khelifi\/","og_site_name":"N\u0435ym\u0430r","article_published_time":"2021-06-11T11:48:43+00:00","article_modified_time":"2021-06-11T11:48:44+00:00","author":"Martim Caldeira","twitter_card":"summary_large_image","twitter_misc":{"Escrito por":"Martim Caldeira"},"schema":{"@context":"https:\/\/schema.org","@graph":[{"@type":"Article","@id":"https:\/\/neymarjr.org\/pt-br\/news-pt-br\/pogba-sobre-rumores-de-uma-mudanca-para-o-psg-eu-nao-tenho-o-numero-de-nasser-al-khelifi\/#article","isPartOf":{"@id":"https:\/\/neymarjr.org\/pt-br\/news-pt-br\/pogba-sobre-rumores-de-uma-mudanca-para-o-psg-eu-nao-tenho-o-numero-de-nasser-al-khelifi\/"},"author":{"name":"Martim Caldeira","@id":"https:\/\/neymarjr.org\/#\/schema\/person\/26b98c8504f22296c90e93fdfaae4058"},"headline":"Pogba sobre rumores de uma mudan\u00e7a para o PSG: &#8220;Eu n\u00e3o tenho o n\u00famero de Nasser Al-Khelifi&#8221;","datePublished":"2021-06-11T11:48:43+00:00","dateModified":"2021-06-11T11:48:44+00:00","mainEntityOfPage":{"@id":"https:\/\/neymarjr.org\/pt-br\/news-pt-br\/pogba-sobre-rumores-de-uma-mudanca-para-o-psg-eu-nao-tenho-o-numero-de-nasser-al-khelifi\/"},"wordCount":116,"commentCount":0,"publisher":{"@id":"https:\/\/neymarjr.org\/#organization"},"articleSection":["\u00daltimas not\u00edcias"],"inLanguage":"pt-BR","potentialAction":[{"@type":"CommentAction","name":"Comment","target":["https:\/\/neymarjr.org\/pt-br\/news-pt-br\/pogba-sobre-rumores-de-uma-mudanca-para-o-psg-eu-nao-tenho-o-numero-de-nasser-al-khelifi\/#respond"]}]},{"@type":"WebPage","@id":"https:\/\/neymarjr.org\/pt-br\/news-pt-br\/pogba-sobre-rumores-de-uma-mudanca-para-o-psg-eu-nao-tenho-o-numero-de-nasser-al-khelifi\/","url":"https:\/\/neymarjr.org\/pt-br\/news-pt-br\/pogba-sobre-rumores-de-uma-mudanca-para-o-psg-eu-nao-tenho-o-numero-de-nasser-al-khelifi\/","name":"Pogba sobre rumores de uma mudan\u00e7a para o PSG","isPartOf":{"@id":"https:\/\/neymarjr.org\/#website"},"datePublished":"2021-06-11T11:48:43+00:00","dateModified":"2021-06-11T11:48:44+00:00","description":"Eu ainda n\u00e3o falei sobre isso com a ger\u00eancia e os treinadores. Eu ainda sou um jogador do Manchester United.","breadcrumb":{"@id":"https:\/\/neymarjr.org\/pt-br\/news-pt-br\/pogba-sobre-rumores-de-uma-mudanca-para-o-psg-eu-nao-tenho-o-numero-de-nasser-al-khelifi\/#breadcrumb"},"inLanguage":"pt-BR","potentialAction":[{"@type":"ReadAction","target":["https:\/\/neymarjr.org\/pt-br\/news-pt-br\/pogba-sobre-rumores-de-uma-mudanca-para-o-psg-eu-nao-tenho-o-numero-de-nasser-al-khelifi\/"]}]},{"@type":"BreadcrumbList","@id":"https:\/\/neymarjr.org\/pt-br\/news-pt-br\/pogba-sobre-rumores-de-uma-mudanca-para-o-psg-eu-nao-tenho-o-numero-de-nasser-al-khelifi\/#breadcrumb","itemListElement":[{"@type":"ListItem","position":1,"name":"Home","item":"https:\/\/neymarjr.org\/"},{"@type":"ListItem","position":2,"name":"Pogba sobre rumores de uma mudan\u00e7a para o PSG: &#8220;Eu n\u00e3o tenho o n\u00famero de Nasser Al-Khelifi&#8221;"}]},{"@type":"WebSite","@id":"https:\/\/neymarjr.org\/#website","url":"https:\/\/neymarjr.org\/","name":"N\u0435ym\u0430r","description":"","publisher":{"@id":"https:\/\/neymarjr.org\/#organization"},"potentialAction":[{"@type":"SearchAction","target":{"@type":"EntryPoint","urlTemplate":"https:\/\/neymarjr.org\/?s={search_term_string}"},"query-input":{"@type":"PropertyValueSpecification","valueRequired":true,"valueName":"search_term_string"}}],"inLanguage":"pt-BR"},{"@type":"Organization","@id":"https:\/\/neymarjr.org\/#organization","name":"N\u0435ym\u0430r","url":"https:\/\/neymarjr.org\/","logo":{"@type":"ImageObject","inLanguage":"pt-BR","@id":"https:\/\/neymarjr.org\/#\/schema\/logo\/image\/","url":"https:\/\/neymarjr.org\/wp-content\/uploads\/2021\/03\/Group-31.png","contentUrl":"https:\/\/neymarjr.org\/wp-content\/uploads\/2021\/03\/Group-31.png","width":154,"height":36,"caption":"N\u0435ym\u0430r"},"image":{"@id":"https:\/\/neymarjr.org\/#\/schema\/logo\/image\/"}},{"@type":"Person","@id":"https:\/\/neymarjr.org\/#\/schema\/person\/26b98c8504f22296c90e93fdfaae4058","name":"Martim Caldeira","image":{"@type":"ImageObject","inLanguage":"pt-BR","@id":"https:\/\/neymarjr.org\/#\/schema\/person\/image\/","url":"https:\/\/secure.gravatar.com\/avatar\/bd38ab5e85e236cce8c6cc20127c72e2ccb6e3cc22e51443b507b45166e23ce5?s=96&d=mm&r=g","contentUrl":"https:\/\/secure.gravatar.com\/avatar\/bd38ab5e85e236cce8c6cc20127c72e2ccb6e3cc22e51443b507b45166e23ce5?s=96&d=mm&r=g","caption":"Martim Caldeira"},"url":"https:\/\/neymarjr.org\/pt-br\/author\/seoswat\/"}]}},"_links":{"self":[{"href":"https:\/\/neymarjr.org\/pt-br\/wp-json\/wp\/v2\/posts\/2075","targetHints":{"allow":["GET"]}}],"collection":[{"href":"https:\/\/neymarjr.org\/pt-br\/wp-json\/wp\/v2\/posts"}],"about":[{"href":"https:\/\/neymarjr.org\/pt-br\/wp-json\/wp\/v2\/types\/post"}],"author":[{"embeddable":true,"href":"https:\/\/neymarjr.org\/pt-br\/wp-json\/wp\/v2\/users\/3"}],"replies":[{"embeddable":true,"href":"https:\/\/neymarjr.org\/pt-br\/wp-json\/wp\/v2\/comments?post=2075"}],"version-history":[{"count":1,"href":"https:\/\/neymarjr.org\/pt-br\/wp-json\/wp\/v2\/posts\/2075\/revisions"}],"predecessor-version":[{"id":2076,"href":"https:\/\/neymarjr.org\/pt-br\/wp-json\/wp\/v2\/posts\/2075\/revisions\/2076"}],"wp:attachment":[{"href":"https:\/\/neymarjr.org\/pt-br\/wp-json\/wp\/v2\/media?parent=2075"}],"wp:term":[{"taxonomy":"category","embeddable":true,"href":"https:\/\/neymarjr.org\/pt-br\/wp-json\/wp\/v2\/categories?post=2075"},{"taxonomy":"post_tag","embeddable":true,"href":"https:\/\/neymarjr.org\/pt-br\/wp-json\/wp\/v2\/tags?post=2075"}],"curies":[{"name":"wp","href":"https:\/\/api.w.org\/{rel}","templated":true}]}}