{"id":2160,"date":"2021-06-15T09:09:05","date_gmt":"2021-06-15T06:09:05","guid":{"rendered":"https:\/\/neymarjr.org\/?p=2160"},"modified":"2021-06-15T13:11:02","modified_gmt":"2021-06-15T10:11:02","slug":"ronaldo-com-a-mesma-camisa-que-neymar-na-proxima-temporada-nao-e-fantasia","status":"publish","type":"post","link":"https:\/\/neymarjr.org\/pt-br\/privado\/ronaldo-com-a-mesma-camisa-que-neymar-na-proxima-temporada-nao-e-fantasia\/","title":{"rendered":"Ronaldo com a mesma camisa que Neymar na pr\u00f3xima temporada &#8211; n\u00e3o \u00e9 fantasia"},"content":{"rendered":"\n<p>Agora jogador da Juventus Turim, Cristiano Ronaldo ainda n\u00e3o conhece seu futuro dentro do clube. O astro portugu\u00eas poderia muito bem deixar a It\u00e1lia para um novo desafio, porque n\u00e3o na Fran\u00e7a.<\/p>\n\n\n\n<p>Atualmente em plena prepara\u00e7\u00e3o antes do jogo do dia na Euro contra a Hungria, \u00e0s 18 horas, o astro de Turim estava em frente \u00e0 m\u00eddia e confiou em seu futuro. Conforme declarado pela <strong><em>&#8220;Gazzetta dello Sport&#8221;<\/em><\/strong>, a CR7 est\u00e1 mais perto do que nunca de deixar o Bianconeri e seria apenas uma quest\u00e3o de dias. O di\u00e1rio italiano diz que Ronaldo quer deixar o Piemonte neste ver\u00e3o e faz de Paris Saint-Germain seu destino priorit\u00e1rio!<\/p>\n\n\n\n<p>Durante v\u00e1rias semanas, houve contatos entre seu agente, Jorge Mendes e o clube franc\u00eas para uma poss\u00edvel chegada \u00e0 Ligue 1. Entretanto, tal transfer\u00eancia seria considerada para Paris, somente em caso de partida de Kylian Mbapp\u00e9 no mercato. O atacante franc\u00eas ainda n\u00e3o tomou sua decis\u00e3o e o PSG est\u00e1 esperando para assinar-lhe uma prorroga\u00e7\u00e3o do contrato. Se nada for feito, Mbapp\u00e9 dever\u00e1 logicamente fazer suas malas e Ronaldo poder\u00e1 suceder-lhe. Por sua vez, a Juve estaria aberta a uma troca com Mauro Icardi. <\/p>\n","protected":false},"excerpt":{"rendered":"<p>Agora jogador da Juventus Turim, Cristiano Ronaldo ainda n\u00e3o conhece seu futuro dentro do clube. O astro portugu\u00eas poderia muito bem deixar a It\u00e1lia para &hellip; <\/p>\n","protected":false},"author":3,"featured_media":2155,"comment_status":"open","ping_status":"open","sticky":false,"template":"","format":"standard","meta":{"footnotes":""},"categories":[16],"tags":[],"class_list":["post-2160","post","type-post","status-publish","format-standard","has-post-thumbnail","hentry","category-privado"],"yoast_head":"<!-- This site is optimized with the Yoast SEO plugin v26.5 - https:\/\/yoast.com\/wordpress\/plugins\/seo\/ -->\n<title>Ronaldo com a mesma camisa que Neymar na pr\u00f3xima temporada - n\u00e3o \u00e9 fantasia<\/title>\n<meta name=\"description\" content=\"Agora Ronaldo ainda n\u00e3o conhece seu futuro dentro do clube. O astro portugu\u00eas poderia muito bem deixar a It\u00e1lia para um novo desafio, porque n\u00e3o na Fran\u00e7a.\" \/>\n<meta name=\"robots\" content=\"index, follow, max-snippet:-1, max-image-preview:large, max-video-preview:-1\" \/>\n<link rel=\"canonical\" href=\"https:\/\/neymarjr.org\/pt-br\/privado\/ronaldo-com-a-mesma-camisa-que-neymar-na-proxima-temporada-nao-e-fantasia\/\" \/>\n<meta property=\"og:locale\" content=\"pt_BR\" \/>\n<meta property=\"og:type\" content=\"article\" \/>\n<meta property=\"og:title\" content=\"Ronaldo com a mesma camisa que Neymar na pr\u00f3xima temporada - n\u00e3o \u00e9 fantasia\" \/>\n<meta property=\"og:description\" content=\"Agora Ronaldo ainda n\u00e3o conhece seu futuro dentro do clube. O astro portugu\u00eas poderia muito bem deixar a It\u00e1lia para um novo desafio, porque n\u00e3o na Fran\u00e7a.\" \/>\n<meta property=\"og:url\" content=\"https:\/\/neymarjr.org\/pt-br\/privado\/ronaldo-com-a-mesma-camisa-que-neymar-na-proxima-temporada-nao-e-fantasia\/\" \/>\n<meta property=\"og:site_name\" content=\"N\u0435ym\u0430r\" \/>\n<meta property=\"article:published_time\" content=\"2021-06-15T06:09:05+00:00\" \/>\n<meta property=\"article:modified_time\" content=\"2021-06-15T10:11:02+00:00\" \/>\n<meta property=\"og:image\" content=\"https:\/\/neymarjr.org\/wp-content\/uploads\/2021\/06\/Cristiano-Ronaldo.jpg\" \/>\n\t<meta property=\"og:image:width\" content=\"890\" \/>\n\t<meta property=\"og:image:height\" content=\"534\" \/>\n\t<meta property=\"og:image:type\" content=\"image\/jpeg\" \/>\n<meta name=\"author\" content=\"Martim Caldeira\" \/>\n<meta name=\"twitter:card\" content=\"summary_large_image\" \/>\n<meta name=\"twitter:label1\" content=\"Escrito por\" \/>\n\t<meta name=\"twitter:data1\" content=\"Martim Caldeira\" \/>\n\t<meta name=\"twitter:label2\" content=\"Est. tempo de leitura\" \/>\n\t<meta name=\"twitter:data2\" content=\"1 minuto\" \/>\n<script type=\"application\/ld+json\" class=\"yoast-schema-graph\">{\"@context\":\"https:\/\/schema.org\",\"@graph\":[{\"@type\":\"Article\",\"@id\":\"https:\/\/neymarjr.org\/pt-br\/privado\/ronaldo-com-a-mesma-camisa-que-neymar-na-proxima-temporada-nao-e-fantasia\/#article\",\"isPartOf\":{\"@id\":\"https:\/\/neymarjr.org\/pt-br\/privado\/ronaldo-com-a-mesma-camisa-que-neymar-na-proxima-temporada-nao-e-fantasia\/\"},\"author\":{\"name\":\"Martim Caldeira\",\"@id\":\"https:\/\/neymarjr.org\/#\/schema\/person\/26b98c8504f22296c90e93fdfaae4058\"},\"headline\":\"Ronaldo com a mesma camisa que Neymar na pr\u00f3xima temporada &#8211; n\u00e3o \u00e9 fantasia\",\"datePublished\":\"2021-06-15T06:09:05+00:00\",\"dateModified\":\"2021-06-15T10:11:02+00:00\",\"mainEntityOfPage\":{\"@id\":\"https:\/\/neymarjr.org\/pt-br\/privado\/ronaldo-com-a-mesma-camisa-que-neymar-na-proxima-temporada-nao-e-fantasia\/\"},\"wordCount\":222,\"commentCount\":0,\"publisher\":{\"@id\":\"https:\/\/neymarjr.org\/#organization\"},\"image\":{\"@id\":\"https:\/\/neymarjr.org\/pt-br\/privado\/ronaldo-com-a-mesma-camisa-que-neymar-na-proxima-temporada-nao-e-fantasia\/#primaryimage\"},\"thumbnailUrl\":\"https:\/\/neymarjr.org\/wp-content\/uploads\/2021\/06\/Cristiano-Ronaldo.jpg\",\"articleSection\":[\"Neymar vida privada\"],\"inLanguage\":\"pt-BR\",\"potentialAction\":[{\"@type\":\"CommentAction\",\"name\":\"Comment\",\"target\":[\"https:\/\/neymarjr.org\/pt-br\/privado\/ronaldo-com-a-mesma-camisa-que-neymar-na-proxima-temporada-nao-e-fantasia\/#respond\"]}]},{\"@type\":\"WebPage\",\"@id\":\"https:\/\/neymarjr.org\/pt-br\/privado\/ronaldo-com-a-mesma-camisa-que-neymar-na-proxima-temporada-nao-e-fantasia\/\",\"url\":\"https:\/\/neymarjr.org\/pt-br\/privado\/ronaldo-com-a-mesma-camisa-que-neymar-na-proxima-temporada-nao-e-fantasia\/\",\"name\":\"Ronaldo com a mesma camisa que Neymar na pr\u00f3xima temporada - n\u00e3o \u00e9 fantasia\",\"isPartOf\":{\"@id\":\"https:\/\/neymarjr.org\/#website\"},\"primaryImageOfPage\":{\"@id\":\"https:\/\/neymarjr.org\/pt-br\/privado\/ronaldo-com-a-mesma-camisa-que-neymar-na-proxima-temporada-nao-e-fantasia\/#primaryimage\"},\"image\":{\"@id\":\"https:\/\/neymarjr.org\/pt-br\/privado\/ronaldo-com-a-mesma-camisa-que-neymar-na-proxima-temporada-nao-e-fantasia\/#primaryimage\"},\"thumbnailUrl\":\"https:\/\/neymarjr.org\/wp-content\/uploads\/2021\/06\/Cristiano-Ronaldo.jpg\",\"datePublished\":\"2021-06-15T06:09:05+00:00\",\"dateModified\":\"2021-06-15T10:11:02+00:00\",\"description\":\"Agora Ronaldo ainda n\u00e3o conhece seu futuro dentro do clube. O astro portugu\u00eas poderia muito bem deixar a It\u00e1lia para um novo desafio, porque n\u00e3o na Fran\u00e7a.\",\"breadcrumb\":{\"@id\":\"https:\/\/neymarjr.org\/pt-br\/privado\/ronaldo-com-a-mesma-camisa-que-neymar-na-proxima-temporada-nao-e-fantasia\/#breadcrumb\"},\"inLanguage\":\"pt-BR\",\"potentialAction\":[{\"@type\":\"ReadAction\",\"target\":[\"https:\/\/neymarjr.org\/pt-br\/privado\/ronaldo-com-a-mesma-camisa-que-neymar-na-proxima-temporada-nao-e-fantasia\/\"]}]},{\"@type\":\"ImageObject\",\"inLanguage\":\"pt-BR\",\"@id\":\"https:\/\/neymarjr.org\/pt-br\/privado\/ronaldo-com-a-mesma-camisa-que-neymar-na-proxima-temporada-nao-e-fantasia\/#primaryimage\",\"url\":\"https:\/\/neymarjr.org\/wp-content\/uploads\/2021\/06\/Cristiano-Ronaldo.jpg\",\"contentUrl\":\"https:\/\/neymarjr.org\/wp-content\/uploads\/2021\/06\/Cristiano-Ronaldo.jpg\",\"width\":890,\"height\":534,\"caption\":\"Cristiano Ronaldo\"},{\"@type\":\"BreadcrumbList\",\"@id\":\"https:\/\/neymarjr.org\/pt-br\/privado\/ronaldo-com-a-mesma-camisa-que-neymar-na-proxima-temporada-nao-e-fantasia\/#breadcrumb\",\"itemListElement\":[{\"@type\":\"ListItem\",\"position\":1,\"name\":\"Home\",\"item\":\"https:\/\/neymarjr.org\/\"},{\"@type\":\"ListItem\",\"position\":2,\"name\":\"Ronaldo com a mesma camisa que Neymar na pr\u00f3xima temporada &#8211; n\u00e3o \u00e9 fantasia\"}]},{\"@type\":\"WebSite\",\"@id\":\"https:\/\/neymarjr.org\/#website\",\"url\":\"https:\/\/neymarjr.org\/\",\"name\":\"N\u0435ym\u0430r\",\"description\":\"\",\"publisher\":{\"@id\":\"https:\/\/neymarjr.org\/#organization\"},\"potentialAction\":[{\"@type\":\"SearchAction\",\"target\":{\"@type\":\"EntryPoint\",\"urlTemplate\":\"https:\/\/neymarjr.org\/?s={search_term_string}\"},\"query-input\":{\"@type\":\"PropertyValueSpecification\",\"valueRequired\":true,\"valueName\":\"search_term_string\"}}],\"inLanguage\":\"pt-BR\"},{\"@type\":\"Organization\",\"@id\":\"https:\/\/neymarjr.org\/#organization\",\"name\":\"N\u0435ym\u0430r\",\"url\":\"https:\/\/neymarjr.org\/\",\"logo\":{\"@type\":\"ImageObject\",\"inLanguage\":\"pt-BR\",\"@id\":\"https:\/\/neymarjr.org\/#\/schema\/logo\/image\/\",\"url\":\"https:\/\/neymarjr.org\/wp-content\/uploads\/2021\/03\/Group-31.png\",\"contentUrl\":\"https:\/\/neymarjr.org\/wp-content\/uploads\/2021\/03\/Group-31.png\",\"width\":154,\"height\":36,\"caption\":\"N\u0435ym\u0430r\"},\"image\":{\"@id\":\"https:\/\/neymarjr.org\/#\/schema\/logo\/image\/\"}},{\"@type\":\"Person\",\"@id\":\"https:\/\/neymarjr.org\/#\/schema\/person\/26b98c8504f22296c90e93fdfaae4058\",\"name\":\"Martim Caldeira\",\"image\":{\"@type\":\"ImageObject\",\"inLanguage\":\"pt-BR\",\"@id\":\"https:\/\/neymarjr.org\/#\/schema\/person\/image\/\",\"url\":\"https:\/\/secure.gravatar.com\/avatar\/bd38ab5e85e236cce8c6cc20127c72e2ccb6e3cc22e51443b507b45166e23ce5?s=96&d=mm&r=g\",\"contentUrl\":\"https:\/\/secure.gravatar.com\/avatar\/bd38ab5e85e236cce8c6cc20127c72e2ccb6e3cc22e51443b507b45166e23ce5?s=96&d=mm&r=g\",\"caption\":\"Martim Caldeira\"},\"url\":\"https:\/\/neymarjr.org\/pt-br\/author\/seoswat\/\"}]}<\/script>\n<!-- \/ Yoast SEO plugin. -->","yoast_head_json":{"title":"Ronaldo com a mesma camisa que Neymar na pr\u00f3xima temporada - n\u00e3o \u00e9 fantasia","description":"Agora Ronaldo ainda n\u00e3o conhece seu futuro dentro do clube. O astro portugu\u00eas poderia muito bem deixar a It\u00e1lia para um novo desafio, porque n\u00e3o na Fran\u00e7a.","robots":{"index":"index","follow":"follow","max-snippet":"max-snippet:-1","max-image-preview":"max-image-preview:large","max-video-preview":"max-video-preview:-1"},"canonical":"https:\/\/neymarjr.org\/pt-br\/privado\/ronaldo-com-a-mesma-camisa-que-neymar-na-proxima-temporada-nao-e-fantasia\/","og_locale":"pt_BR","og_type":"article","og_title":"Ronaldo com a mesma camisa que Neymar na pr\u00f3xima temporada - n\u00e3o \u00e9 fantasia","og_description":"Agora Ronaldo ainda n\u00e3o conhece seu futuro dentro do clube. O astro portugu\u00eas poderia muito bem deixar a It\u00e1lia para um novo desafio, porque n\u00e3o na Fran\u00e7a.","og_url":"https:\/\/neymarjr.org\/pt-br\/privado\/ronaldo-com-a-mesma-camisa-que-neymar-na-proxima-temporada-nao-e-fantasia\/","og_site_name":"N\u0435ym\u0430r","article_published_time":"2021-06-15T06:09:05+00:00","article_modified_time":"2021-06-15T10:11:02+00:00","og_image":[{"width":890,"height":534,"url":"https:\/\/neymarjr.org\/wp-content\/uploads\/2021\/06\/Cristiano-Ronaldo.jpg","type":"image\/jpeg"}],"author":"Martim Caldeira","twitter_card":"summary_large_image","twitter_misc":{"Escrito por":"Martim Caldeira","Est. tempo de leitura":"1 minuto"},"schema":{"@context":"https:\/\/schema.org","@graph":[{"@type":"Article","@id":"https:\/\/neymarjr.org\/pt-br\/privado\/ronaldo-com-a-mesma-camisa-que-neymar-na-proxima-temporada-nao-e-fantasia\/#article","isPartOf":{"@id":"https:\/\/neymarjr.org\/pt-br\/privado\/ronaldo-com-a-mesma-camisa-que-neymar-na-proxima-temporada-nao-e-fantasia\/"},"author":{"name":"Martim Caldeira","@id":"https:\/\/neymarjr.org\/#\/schema\/person\/26b98c8504f22296c90e93fdfaae4058"},"headline":"Ronaldo com a mesma camisa que Neymar na pr\u00f3xima temporada &#8211; n\u00e3o \u00e9 fantasia","datePublished":"2021-06-15T06:09:05+00:00","dateModified":"2021-06-15T10:11:02+00:00","mainEntityOfPage":{"@id":"https:\/\/neymarjr.org\/pt-br\/privado\/ronaldo-com-a-mesma-camisa-que-neymar-na-proxima-temporada-nao-e-fantasia\/"},"wordCount":222,"commentCount":0,"publisher":{"@id":"https:\/\/neymarjr.org\/#organization"},"image":{"@id":"https:\/\/neymarjr.org\/pt-br\/privado\/ronaldo-com-a-mesma-camisa-que-neymar-na-proxima-temporada-nao-e-fantasia\/#primaryimage"},"thumbnailUrl":"https:\/\/neymarjr.org\/wp-content\/uploads\/2021\/06\/Cristiano-Ronaldo.jpg","articleSection":["Neymar vida privada"],"inLanguage":"pt-BR","potentialAction":[{"@type":"CommentAction","name":"Comment","target":["https:\/\/neymarjr.org\/pt-br\/privado\/ronaldo-com-a-mesma-camisa-que-neymar-na-proxima-temporada-nao-e-fantasia\/#respond"]}]},{"@type":"WebPage","@id":"https:\/\/neymarjr.org\/pt-br\/privado\/ronaldo-com-a-mesma-camisa-que-neymar-na-proxima-temporada-nao-e-fantasia\/","url":"https:\/\/neymarjr.org\/pt-br\/privado\/ronaldo-com-a-mesma-camisa-que-neymar-na-proxima-temporada-nao-e-fantasia\/","name":"Ronaldo com a mesma camisa que Neymar na pr\u00f3xima temporada - n\u00e3o \u00e9 fantasia","isPartOf":{"@id":"https:\/\/neymarjr.org\/#website"},"primaryImageOfPage":{"@id":"https:\/\/neymarjr.org\/pt-br\/privado\/ronaldo-com-a-mesma-camisa-que-neymar-na-proxima-temporada-nao-e-fantasia\/#primaryimage"},"image":{"@id":"https:\/\/neymarjr.org\/pt-br\/privado\/ronaldo-com-a-mesma-camisa-que-neymar-na-proxima-temporada-nao-e-fantasia\/#primaryimage"},"thumbnailUrl":"https:\/\/neymarjr.org\/wp-content\/uploads\/2021\/06\/Cristiano-Ronaldo.jpg","datePublished":"2021-06-15T06:09:05+00:00","dateModified":"2021-06-15T10:11:02+00:00","description":"Agora Ronaldo ainda n\u00e3o conhece seu futuro dentro do clube. O astro portugu\u00eas poderia muito bem deixar a It\u00e1lia para um novo desafio, porque n\u00e3o na Fran\u00e7a.","breadcrumb":{"@id":"https:\/\/neymarjr.org\/pt-br\/privado\/ronaldo-com-a-mesma-camisa-que-neymar-na-proxima-temporada-nao-e-fantasia\/#breadcrumb"},"inLanguage":"pt-BR","potentialAction":[{"@type":"ReadAction","target":["https:\/\/neymarjr.org\/pt-br\/privado\/ronaldo-com-a-mesma-camisa-que-neymar-na-proxima-temporada-nao-e-fantasia\/"]}]},{"@type":"ImageObject","inLanguage":"pt-BR","@id":"https:\/\/neymarjr.org\/pt-br\/privado\/ronaldo-com-a-mesma-camisa-que-neymar-na-proxima-temporada-nao-e-fantasia\/#primaryimage","url":"https:\/\/neymarjr.org\/wp-content\/uploads\/2021\/06\/Cristiano-Ronaldo.jpg","contentUrl":"https:\/\/neymarjr.org\/wp-content\/uploads\/2021\/06\/Cristiano-Ronaldo.jpg","width":890,"height":534,"caption":"Cristiano Ronaldo"},{"@type":"BreadcrumbList","@id":"https:\/\/neymarjr.org\/pt-br\/privado\/ronaldo-com-a-mesma-camisa-que-neymar-na-proxima-temporada-nao-e-fantasia\/#breadcrumb","itemListElement":[{"@type":"ListItem","position":1,"name":"Home","item":"https:\/\/neymarjr.org\/"},{"@type":"ListItem","position":2,"name":"Ronaldo com a mesma camisa que Neymar na pr\u00f3xima temporada &#8211; n\u00e3o \u00e9 fantasia"}]},{"@type":"WebSite","@id":"https:\/\/neymarjr.org\/#website","url":"https:\/\/neymarjr.org\/","name":"N\u0435ym\u0430r","description":"","publisher":{"@id":"https:\/\/neymarjr.org\/#organization"},"potentialAction":[{"@type":"SearchAction","target":{"@type":"EntryPoint","urlTemplate":"https:\/\/neymarjr.org\/?s={search_term_string}"},"query-input":{"@type":"PropertyValueSpecification","valueRequired":true,"valueName":"search_term_string"}}],"inLanguage":"pt-BR"},{"@type":"Organization","@id":"https:\/\/neymarjr.org\/#organization","name":"N\u0435ym\u0430r","url":"https:\/\/neymarjr.org\/","logo":{"@type":"ImageObject","inLanguage":"pt-BR","@id":"https:\/\/neymarjr.org\/#\/schema\/logo\/image\/","url":"https:\/\/neymarjr.org\/wp-content\/uploads\/2021\/03\/Group-31.png","contentUrl":"https:\/\/neymarjr.org\/wp-content\/uploads\/2021\/03\/Group-31.png","width":154,"height":36,"caption":"N\u0435ym\u0430r"},"image":{"@id":"https:\/\/neymarjr.org\/#\/schema\/logo\/image\/"}},{"@type":"Person","@id":"https:\/\/neymarjr.org\/#\/schema\/person\/26b98c8504f22296c90e93fdfaae4058","name":"Martim Caldeira","image":{"@type":"ImageObject","inLanguage":"pt-BR","@id":"https:\/\/neymarjr.org\/#\/schema\/person\/image\/","url":"https:\/\/secure.gravatar.com\/avatar\/bd38ab5e85e236cce8c6cc20127c72e2ccb6e3cc22e51443b507b45166e23ce5?s=96&d=mm&r=g","contentUrl":"https:\/\/secure.gravatar.com\/avatar\/bd38ab5e85e236cce8c6cc20127c72e2ccb6e3cc22e51443b507b45166e23ce5?s=96&d=mm&r=g","caption":"Martim Caldeira"},"url":"https:\/\/neymarjr.org\/pt-br\/author\/seoswat\/"}]}},"_links":{"self":[{"href":"https:\/\/neymarjr.org\/pt-br\/wp-json\/wp\/v2\/posts\/2160","targetHints":{"allow":["GET"]}}],"collection":[{"href":"https:\/\/neymarjr.org\/pt-br\/wp-json\/wp\/v2\/posts"}],"about":[{"href":"https:\/\/neymarjr.org\/pt-br\/wp-json\/wp\/v2\/types\/post"}],"author":[{"embeddable":true,"href":"https:\/\/neymarjr.org\/pt-br\/wp-json\/wp\/v2\/users\/3"}],"replies":[{"embeddable":true,"href":"https:\/\/neymarjr.org\/pt-br\/wp-json\/wp\/v2\/comments?post=2160"}],"version-history":[{"count":1,"href":"https:\/\/neymarjr.org\/pt-br\/wp-json\/wp\/v2\/posts\/2160\/revisions"}],"predecessor-version":[{"id":2163,"href":"https:\/\/neymarjr.org\/pt-br\/wp-json\/wp\/v2\/posts\/2160\/revisions\/2163"}],"wp:featuredmedia":[{"embeddable":true,"href":"https:\/\/neymarjr.org\/pt-br\/wp-json\/wp\/v2\/media\/2155"}],"wp:attachment":[{"href":"https:\/\/neymarjr.org\/pt-br\/wp-json\/wp\/v2\/media?parent=2160"}],"wp:term":[{"taxonomy":"category","embeddable":true,"href":"https:\/\/neymarjr.org\/pt-br\/wp-json\/wp\/v2\/categories?post=2160"},{"taxonomy":"post_tag","embeddable":true,"href":"https:\/\/neymarjr.org\/pt-br\/wp-json\/wp\/v2\/tags?post=2160"}],"curies":[{"name":"wp","href":"https:\/\/api.w.org\/{rel}","templated":true}]}}