{"id":2185,"date":"2021-06-15T13:41:54","date_gmt":"2021-06-15T10:41:54","guid":{"rendered":"https:\/\/neymarjr.org\/?p=2185"},"modified":"2021-06-15T13:41:55","modified_gmt":"2021-06-15T10:41:55","slug":"psg-perto-de-assinar-aurier","status":"publish","type":"post","link":"https:\/\/neymarjr.org\/pt-br\/privado\/psg-perto-de-assinar-aurier\/","title":{"rendered":"PSG perto de assinar Aurier"},"content":{"rendered":"\n<p>O defensor marfinense poderia voltar a figurar sob o comando de <strong>Mauricio Pochettino<\/strong>.<\/p>\n\n\n\n<p>Segundo o jornalista da <em>Sky Sports<\/em> <strong>Rudi Galetti<\/strong>, o defensor do Tottenham <strong>Serge Aurier<\/strong> poder\u00e1 se tornar um jogador do PSG novamente em um futuro pr\u00f3ximo, em seu feed no Twitter.<\/p>\n\n\n\n<p>De acordo com a fonte, a dire\u00e7\u00e3o parisiense assinar\u00e1 o defensor marfinense por 20 milh\u00f5es de euros para retornar \u00e0 Fran\u00e7a ap\u00f3s quatro anos.<\/p>\n\n\n\n<figure class=\"wp-block-embed-twitter wp-block-embed is-type-rich is-provider-twitter\"><div class=\"wp-block-embed__wrapper\">\n<div class=\"fitvids-video\"><blockquote class=\"twitter-tweet\" data-width=\"550\" data-dnt=\"true\"><p lang=\"en\" dir=\"ltr\">?[<a href=\"https:\/\/twitter.com\/RudyGaletti?ref_src=twsrc%5Etfw\">@RudyGaletti<\/a>] | Serge Aurier is on the verge of completing a transfer back to Paris Saint-Germain this summer.<br><br>\u270d\ufe0fThe Ivorian is preparing to sign a four-year contract with PSG after an offer of \u20ac20M was accepted for his services by Spurs.<a href=\"https:\/\/twitter.com\/hashtag\/THFC?src=hash&amp;ref_src=twsrc%5Etfw\">#THFC<\/a> <a href=\"https:\/\/twitter.com\/hashtag\/COYS?src=hash&amp;ref_src=twsrc%5Etfw\">#COYS<\/a><a href=\"https:\/\/t.co\/o8vezcB44W\">pic.twitter.com\/o8vezcB44W<\/a><\/p>&mdash; Last Word On Spurs? (@LastWordOnSpurs) <a href=\"https:\/\/twitter.com\/LastWordOnSpurs\/status\/1404186543489683462?ref_src=twsrc%5Etfw\">June 13, 2021<\/a><\/blockquote><script async src=\"https:\/\/platform.twitter.com\/widgets.js\" charset=\"utf-8\"><\/script><\/div>\n<\/div><\/figure>\n\n\n\n<p>Se a transfer\u00eancia se concretizar, Aurier voltar\u00e1 a tocar sob o comando de Mauricio Pochettino, com quem ele colaborou no Tottenham.<\/p>\n\n\n\n<p>Tamb\u00e9m se observa que, devido \u00e0 chegada de Aurier, o PSG poderia encerrar as negocia\u00e7\u00f5es sobre o meio-campista Ashraf Hakimi da Inter.<\/p>\n\n\n\n<p>Na \u00faltima temporada, Aurier jogou 27 jogos nos quais marcou dois gols e deu tr\u00eas assist\u00eancias.<\/p>\n","protected":false},"excerpt":{"rendered":"<p>O defensor marfinense poderia voltar a figurar sob o comando de Mauricio Pochettino. Segundo o jornalista da Sky Sports Rudi Galetti, o defensor do Tottenham &hellip; <\/p>\n","protected":false},"author":3,"featured_media":2181,"comment_status":"open","ping_status":"open","sticky":false,"template":"","format":"standard","meta":{"footnotes":""},"categories":[16],"tags":[],"class_list":["post-2185","post","type-post","status-publish","format-standard","has-post-thumbnail","hentry","category-privado"],"yoast_head":"<!-- This site is optimized with the Yoast SEO plugin v26.5 - https:\/\/yoast.com\/wordpress\/plugins\/seo\/ -->\n<title>PSG perto de assinar Aurier<\/title>\n<meta name=\"description\" content=\"Tamb\u00e9m se observa que, devido \u00e0 chegada de Aurier, o PSG poderia encerrar as negocia\u00e7\u00f5es sobre o meio-campista Ashraf Hakimi da Inter.\" \/>\n<meta name=\"robots\" content=\"index, follow, max-snippet:-1, max-image-preview:large, max-video-preview:-1\" \/>\n<link rel=\"canonical\" href=\"https:\/\/neymarjr.org\/pt-br\/privado\/psg-perto-de-assinar-aurier\/\" \/>\n<meta property=\"og:locale\" content=\"pt_BR\" \/>\n<meta property=\"og:type\" content=\"article\" \/>\n<meta property=\"og:title\" content=\"PSG perto de assinar Aurier\" \/>\n<meta property=\"og:description\" content=\"Tamb\u00e9m se observa que, devido \u00e0 chegada de Aurier, o PSG poderia encerrar as negocia\u00e7\u00f5es sobre o meio-campista Ashraf Hakimi da Inter.\" \/>\n<meta property=\"og:url\" content=\"https:\/\/neymarjr.org\/pt-br\/privado\/psg-perto-de-assinar-aurier\/\" \/>\n<meta property=\"og:site_name\" content=\"N\u0435ym\u0430r\" \/>\n<meta property=\"article:published_time\" content=\"2021-06-15T10:41:54+00:00\" \/>\n<meta property=\"article:modified_time\" content=\"2021-06-15T10:41:55+00:00\" \/>\n<meta property=\"og:image\" content=\"https:\/\/neymarjr.org\/wp-content\/uploads\/2021\/06\/Serge-Aurier.jpg\" \/>\n\t<meta property=\"og:image:width\" content=\"1920\" \/>\n\t<meta property=\"og:image:height\" content=\"1082\" \/>\n\t<meta property=\"og:image:type\" content=\"image\/jpeg\" \/>\n<meta name=\"author\" content=\"Martim Caldeira\" \/>\n<meta name=\"twitter:card\" content=\"summary_large_image\" \/>\n<meta name=\"twitter:label1\" content=\"Escrito por\" \/>\n\t<meta name=\"twitter:data1\" content=\"Martim Caldeira\" \/>\n\t<meta name=\"twitter:label2\" content=\"Est. tempo de leitura\" \/>\n\t<meta name=\"twitter:data2\" content=\"1 minuto\" \/>\n<script type=\"application\/ld+json\" class=\"yoast-schema-graph\">{\"@context\":\"https:\/\/schema.org\",\"@graph\":[{\"@type\":\"Article\",\"@id\":\"https:\/\/neymarjr.org\/pt-br\/privado\/psg-perto-de-assinar-aurier\/#article\",\"isPartOf\":{\"@id\":\"https:\/\/neymarjr.org\/pt-br\/privado\/psg-perto-de-assinar-aurier\/\"},\"author\":{\"name\":\"Martim Caldeira\",\"@id\":\"https:\/\/neymarjr.org\/#\/schema\/person\/26b98c8504f22296c90e93fdfaae4058\"},\"headline\":\"PSG perto de assinar Aurier\",\"datePublished\":\"2021-06-15T10:41:54+00:00\",\"dateModified\":\"2021-06-15T10:41:55+00:00\",\"mainEntityOfPage\":{\"@id\":\"https:\/\/neymarjr.org\/pt-br\/privado\/psg-perto-de-assinar-aurier\/\"},\"wordCount\":143,\"commentCount\":0,\"publisher\":{\"@id\":\"https:\/\/neymarjr.org\/#organization\"},\"image\":{\"@id\":\"https:\/\/neymarjr.org\/pt-br\/privado\/psg-perto-de-assinar-aurier\/#primaryimage\"},\"thumbnailUrl\":\"https:\/\/neymarjr.org\/wp-content\/uploads\/2021\/06\/Serge-Aurier.jpg\",\"articleSection\":[\"Neymar vida privada\"],\"inLanguage\":\"pt-BR\",\"potentialAction\":[{\"@type\":\"CommentAction\",\"name\":\"Comment\",\"target\":[\"https:\/\/neymarjr.org\/pt-br\/privado\/psg-perto-de-assinar-aurier\/#respond\"]}]},{\"@type\":\"WebPage\",\"@id\":\"https:\/\/neymarjr.org\/pt-br\/privado\/psg-perto-de-assinar-aurier\/\",\"url\":\"https:\/\/neymarjr.org\/pt-br\/privado\/psg-perto-de-assinar-aurier\/\",\"name\":\"PSG perto de assinar Aurier\",\"isPartOf\":{\"@id\":\"https:\/\/neymarjr.org\/#website\"},\"primaryImageOfPage\":{\"@id\":\"https:\/\/neymarjr.org\/pt-br\/privado\/psg-perto-de-assinar-aurier\/#primaryimage\"},\"image\":{\"@id\":\"https:\/\/neymarjr.org\/pt-br\/privado\/psg-perto-de-assinar-aurier\/#primaryimage\"},\"thumbnailUrl\":\"https:\/\/neymarjr.org\/wp-content\/uploads\/2021\/06\/Serge-Aurier.jpg\",\"datePublished\":\"2021-06-15T10:41:54+00:00\",\"dateModified\":\"2021-06-15T10:41:55+00:00\",\"description\":\"Tamb\u00e9m se observa que, devido \u00e0 chegada de Aurier, o PSG poderia encerrar as negocia\u00e7\u00f5es sobre o meio-campista Ashraf Hakimi da Inter.\",\"breadcrumb\":{\"@id\":\"https:\/\/neymarjr.org\/pt-br\/privado\/psg-perto-de-assinar-aurier\/#breadcrumb\"},\"inLanguage\":\"pt-BR\",\"potentialAction\":[{\"@type\":\"ReadAction\",\"target\":[\"https:\/\/neymarjr.org\/pt-br\/privado\/psg-perto-de-assinar-aurier\/\"]}]},{\"@type\":\"ImageObject\",\"inLanguage\":\"pt-BR\",\"@id\":\"https:\/\/neymarjr.org\/pt-br\/privado\/psg-perto-de-assinar-aurier\/#primaryimage\",\"url\":\"https:\/\/neymarjr.org\/wp-content\/uploads\/2021\/06\/Serge-Aurier.jpg\",\"contentUrl\":\"https:\/\/neymarjr.org\/wp-content\/uploads\/2021\/06\/Serge-Aurier.jpg\",\"width\":1920,\"height\":1082,\"caption\":\"Serge Aurier\"},{\"@type\":\"BreadcrumbList\",\"@id\":\"https:\/\/neymarjr.org\/pt-br\/privado\/psg-perto-de-assinar-aurier\/#breadcrumb\",\"itemListElement\":[{\"@type\":\"ListItem\",\"position\":1,\"name\":\"Home\",\"item\":\"https:\/\/neymarjr.org\/\"},{\"@type\":\"ListItem\",\"position\":2,\"name\":\"PSG perto de assinar Aurier\"}]},{\"@type\":\"WebSite\",\"@id\":\"https:\/\/neymarjr.org\/#website\",\"url\":\"https:\/\/neymarjr.org\/\",\"name\":\"N\u0435ym\u0430r\",\"description\":\"\",\"publisher\":{\"@id\":\"https:\/\/neymarjr.org\/#organization\"},\"potentialAction\":[{\"@type\":\"SearchAction\",\"target\":{\"@type\":\"EntryPoint\",\"urlTemplate\":\"https:\/\/neymarjr.org\/?s={search_term_string}\"},\"query-input\":{\"@type\":\"PropertyValueSpecification\",\"valueRequired\":true,\"valueName\":\"search_term_string\"}}],\"inLanguage\":\"pt-BR\"},{\"@type\":\"Organization\",\"@id\":\"https:\/\/neymarjr.org\/#organization\",\"name\":\"N\u0435ym\u0430r\",\"url\":\"https:\/\/neymarjr.org\/\",\"logo\":{\"@type\":\"ImageObject\",\"inLanguage\":\"pt-BR\",\"@id\":\"https:\/\/neymarjr.org\/#\/schema\/logo\/image\/\",\"url\":\"https:\/\/neymarjr.org\/wp-content\/uploads\/2021\/03\/Group-31.png\",\"contentUrl\":\"https:\/\/neymarjr.org\/wp-content\/uploads\/2021\/03\/Group-31.png\",\"width\":154,\"height\":36,\"caption\":\"N\u0435ym\u0430r\"},\"image\":{\"@id\":\"https:\/\/neymarjr.org\/#\/schema\/logo\/image\/\"}},{\"@type\":\"Person\",\"@id\":\"https:\/\/neymarjr.org\/#\/schema\/person\/26b98c8504f22296c90e93fdfaae4058\",\"name\":\"Martim Caldeira\",\"image\":{\"@type\":\"ImageObject\",\"inLanguage\":\"pt-BR\",\"@id\":\"https:\/\/neymarjr.org\/#\/schema\/person\/image\/\",\"url\":\"https:\/\/secure.gravatar.com\/avatar\/bd38ab5e85e236cce8c6cc20127c72e2ccb6e3cc22e51443b507b45166e23ce5?s=96&d=mm&r=g\",\"contentUrl\":\"https:\/\/secure.gravatar.com\/avatar\/bd38ab5e85e236cce8c6cc20127c72e2ccb6e3cc22e51443b507b45166e23ce5?s=96&d=mm&r=g\",\"caption\":\"Martim Caldeira\"},\"url\":\"https:\/\/neymarjr.org\/pt-br\/author\/seoswat\/\"}]}<\/script>\n<!-- \/ Yoast SEO plugin. -->","yoast_head_json":{"title":"PSG perto de assinar Aurier","description":"Tamb\u00e9m se observa que, devido \u00e0 chegada de Aurier, o PSG poderia encerrar as negocia\u00e7\u00f5es sobre o meio-campista Ashraf Hakimi da Inter.","robots":{"index":"index","follow":"follow","max-snippet":"max-snippet:-1","max-image-preview":"max-image-preview:large","max-video-preview":"max-video-preview:-1"},"canonical":"https:\/\/neymarjr.org\/pt-br\/privado\/psg-perto-de-assinar-aurier\/","og_locale":"pt_BR","og_type":"article","og_title":"PSG perto de assinar Aurier","og_description":"Tamb\u00e9m se observa que, devido \u00e0 chegada de Aurier, o PSG poderia encerrar as negocia\u00e7\u00f5es sobre o meio-campista Ashraf Hakimi da Inter.","og_url":"https:\/\/neymarjr.org\/pt-br\/privado\/psg-perto-de-assinar-aurier\/","og_site_name":"N\u0435ym\u0430r","article_published_time":"2021-06-15T10:41:54+00:00","article_modified_time":"2021-06-15T10:41:55+00:00","og_image":[{"width":1920,"height":1082,"url":"https:\/\/neymarjr.org\/wp-content\/uploads\/2021\/06\/Serge-Aurier.jpg","type":"image\/jpeg"}],"author":"Martim Caldeira","twitter_card":"summary_large_image","twitter_misc":{"Escrito por":"Martim Caldeira","Est. tempo de leitura":"1 minuto"},"schema":{"@context":"https:\/\/schema.org","@graph":[{"@type":"Article","@id":"https:\/\/neymarjr.org\/pt-br\/privado\/psg-perto-de-assinar-aurier\/#article","isPartOf":{"@id":"https:\/\/neymarjr.org\/pt-br\/privado\/psg-perto-de-assinar-aurier\/"},"author":{"name":"Martim Caldeira","@id":"https:\/\/neymarjr.org\/#\/schema\/person\/26b98c8504f22296c90e93fdfaae4058"},"headline":"PSG perto de assinar Aurier","datePublished":"2021-06-15T10:41:54+00:00","dateModified":"2021-06-15T10:41:55+00:00","mainEntityOfPage":{"@id":"https:\/\/neymarjr.org\/pt-br\/privado\/psg-perto-de-assinar-aurier\/"},"wordCount":143,"commentCount":0,"publisher":{"@id":"https:\/\/neymarjr.org\/#organization"},"image":{"@id":"https:\/\/neymarjr.org\/pt-br\/privado\/psg-perto-de-assinar-aurier\/#primaryimage"},"thumbnailUrl":"https:\/\/neymarjr.org\/wp-content\/uploads\/2021\/06\/Serge-Aurier.jpg","articleSection":["Neymar vida privada"],"inLanguage":"pt-BR","potentialAction":[{"@type":"CommentAction","name":"Comment","target":["https:\/\/neymarjr.org\/pt-br\/privado\/psg-perto-de-assinar-aurier\/#respond"]}]},{"@type":"WebPage","@id":"https:\/\/neymarjr.org\/pt-br\/privado\/psg-perto-de-assinar-aurier\/","url":"https:\/\/neymarjr.org\/pt-br\/privado\/psg-perto-de-assinar-aurier\/","name":"PSG perto de assinar Aurier","isPartOf":{"@id":"https:\/\/neymarjr.org\/#website"},"primaryImageOfPage":{"@id":"https:\/\/neymarjr.org\/pt-br\/privado\/psg-perto-de-assinar-aurier\/#primaryimage"},"image":{"@id":"https:\/\/neymarjr.org\/pt-br\/privado\/psg-perto-de-assinar-aurier\/#primaryimage"},"thumbnailUrl":"https:\/\/neymarjr.org\/wp-content\/uploads\/2021\/06\/Serge-Aurier.jpg","datePublished":"2021-06-15T10:41:54+00:00","dateModified":"2021-06-15T10:41:55+00:00","description":"Tamb\u00e9m se observa que, devido \u00e0 chegada de Aurier, o PSG poderia encerrar as negocia\u00e7\u00f5es sobre o meio-campista Ashraf Hakimi da Inter.","breadcrumb":{"@id":"https:\/\/neymarjr.org\/pt-br\/privado\/psg-perto-de-assinar-aurier\/#breadcrumb"},"inLanguage":"pt-BR","potentialAction":[{"@type":"ReadAction","target":["https:\/\/neymarjr.org\/pt-br\/privado\/psg-perto-de-assinar-aurier\/"]}]},{"@type":"ImageObject","inLanguage":"pt-BR","@id":"https:\/\/neymarjr.org\/pt-br\/privado\/psg-perto-de-assinar-aurier\/#primaryimage","url":"https:\/\/neymarjr.org\/wp-content\/uploads\/2021\/06\/Serge-Aurier.jpg","contentUrl":"https:\/\/neymarjr.org\/wp-content\/uploads\/2021\/06\/Serge-Aurier.jpg","width":1920,"height":1082,"caption":"Serge Aurier"},{"@type":"BreadcrumbList","@id":"https:\/\/neymarjr.org\/pt-br\/privado\/psg-perto-de-assinar-aurier\/#breadcrumb","itemListElement":[{"@type":"ListItem","position":1,"name":"Home","item":"https:\/\/neymarjr.org\/"},{"@type":"ListItem","position":2,"name":"PSG perto de assinar Aurier"}]},{"@type":"WebSite","@id":"https:\/\/neymarjr.org\/#website","url":"https:\/\/neymarjr.org\/","name":"N\u0435ym\u0430r","description":"","publisher":{"@id":"https:\/\/neymarjr.org\/#organization"},"potentialAction":[{"@type":"SearchAction","target":{"@type":"EntryPoint","urlTemplate":"https:\/\/neymarjr.org\/?s={search_term_string}"},"query-input":{"@type":"PropertyValueSpecification","valueRequired":true,"valueName":"search_term_string"}}],"inLanguage":"pt-BR"},{"@type":"Organization","@id":"https:\/\/neymarjr.org\/#organization","name":"N\u0435ym\u0430r","url":"https:\/\/neymarjr.org\/","logo":{"@type":"ImageObject","inLanguage":"pt-BR","@id":"https:\/\/neymarjr.org\/#\/schema\/logo\/image\/","url":"https:\/\/neymarjr.org\/wp-content\/uploads\/2021\/03\/Group-31.png","contentUrl":"https:\/\/neymarjr.org\/wp-content\/uploads\/2021\/03\/Group-31.png","width":154,"height":36,"caption":"N\u0435ym\u0430r"},"image":{"@id":"https:\/\/neymarjr.org\/#\/schema\/logo\/image\/"}},{"@type":"Person","@id":"https:\/\/neymarjr.org\/#\/schema\/person\/26b98c8504f22296c90e93fdfaae4058","name":"Martim Caldeira","image":{"@type":"ImageObject","inLanguage":"pt-BR","@id":"https:\/\/neymarjr.org\/#\/schema\/person\/image\/","url":"https:\/\/secure.gravatar.com\/avatar\/bd38ab5e85e236cce8c6cc20127c72e2ccb6e3cc22e51443b507b45166e23ce5?s=96&d=mm&r=g","contentUrl":"https:\/\/secure.gravatar.com\/avatar\/bd38ab5e85e236cce8c6cc20127c72e2ccb6e3cc22e51443b507b45166e23ce5?s=96&d=mm&r=g","caption":"Martim Caldeira"},"url":"https:\/\/neymarjr.org\/pt-br\/author\/seoswat\/"}]}},"_links":{"self":[{"href":"https:\/\/neymarjr.org\/pt-br\/wp-json\/wp\/v2\/posts\/2185","targetHints":{"allow":["GET"]}}],"collection":[{"href":"https:\/\/neymarjr.org\/pt-br\/wp-json\/wp\/v2\/posts"}],"about":[{"href":"https:\/\/neymarjr.org\/pt-br\/wp-json\/wp\/v2\/types\/post"}],"author":[{"embeddable":true,"href":"https:\/\/neymarjr.org\/pt-br\/wp-json\/wp\/v2\/users\/3"}],"replies":[{"embeddable":true,"href":"https:\/\/neymarjr.org\/pt-br\/wp-json\/wp\/v2\/comments?post=2185"}],"version-history":[{"count":1,"href":"https:\/\/neymarjr.org\/pt-br\/wp-json\/wp\/v2\/posts\/2185\/revisions"}],"predecessor-version":[{"id":2186,"href":"https:\/\/neymarjr.org\/pt-br\/wp-json\/wp\/v2\/posts\/2185\/revisions\/2186"}],"wp:featuredmedia":[{"embeddable":true,"href":"https:\/\/neymarjr.org\/pt-br\/wp-json\/wp\/v2\/media\/2181"}],"wp:attachment":[{"href":"https:\/\/neymarjr.org\/pt-br\/wp-json\/wp\/v2\/media?parent=2185"}],"wp:term":[{"taxonomy":"category","embeddable":true,"href":"https:\/\/neymarjr.org\/pt-br\/wp-json\/wp\/v2\/categories?post=2185"},{"taxonomy":"post_tag","embeddable":true,"href":"https:\/\/neymarjr.org\/pt-br\/wp-json\/wp\/v2\/tags?post=2185"}],"curies":[{"name":"wp","href":"https:\/\/api.w.org\/{rel}","templated":true}]}}