{"id":472,"date":"2021-03-22T13:02:31","date_gmt":"2021-03-22T10:02:31","guid":{"rendered":"https:\/\/neymarjr.org\/?p=472"},"modified":"2021-05-11T14:20:34","modified_gmt":"2021-05-11T11:20:34","slug":"soraja-vucelic-neymar-garota","status":"publish","type":"post","link":"https:\/\/neymarjr.org\/pt-br\/private\/soraja-vucelic-neymar-garota\/","title":{"rendered":"Soraja Vucelic &#8211; Menina Neymar"},"content":{"rendered":"\n<figure class=\"wp-block-image\"><img loading=\"lazy\" decoding=\"async\" width=\"750\" height=\"400\" src=\"https:\/\/neymarjr.org\/wp-content\/uploads\/2021\/03\/Neymar-girlfriend-Soraja-Vucelic.jpg\" alt=\" Soraja Vucelic - Neymar Girl\" class=\"wp-image-222\" srcset=\"https:\/\/neymarjr.org\/wp-content\/uploads\/2021\/03\/Neymar-girlfriend-Soraja-Vucelic.jpg 750w, https:\/\/neymarjr.org\/wp-content\/uploads\/2021\/03\/Neymar-girlfriend-Soraja-Vucelic-300x160.jpg 300w\" sizes=\"auto, (max-width: 750px) 100vw, 750px\" \/><\/figure>\n\n\n\n<p>Ap\u00f3s a cis\u00e3o com Bruna Marquezine e durante sua estadia em Ibiza no ver\u00e3o de 2014, Neymar teria conhecido Soraja Vucelic. De acordo com a imprensa s\u00e9rvia, Neymar e Soraja mantiveram contato desde ent\u00e3o e em outubro de 2014 Neymar enviou um jato particular para pegar o modelo s\u00e9rvio e lev\u00e1-la a Barcelona para conhec\u00ea-lo.<\/p>\n\n\n\n<p>Soraja tornou-se famosa na S\u00e9rvia com sua participa\u00e7\u00e3o no Big Brother onde foi eleita coelhinha da Playboy.<\/p>\n\n\n\n<p>Na ocasi\u00e3o da primeira not\u00edcia a respeito deste poss\u00edvel caso, Neymar postou em seu twitter uma mensagem dizendo: &#8220;Eles realmente querem me arranjar uma namorada!!&#8221;<\/p>\n","protected":false},"excerpt":{"rendered":"<p>Ap\u00f3s a cis\u00e3o com Bruna Marquezine e durante sua estadia em Ibiza no ver\u00e3o de 2014, Neymar teria conhecido Soraja Vucelic. De acordo com a &hellip; <\/p>\n","protected":false},"author":3,"featured_media":481,"comment_status":"open","ping_status":"open","sticky":false,"template":"","format":"standard","meta":{"footnotes":""},"categories":[10,1],"tags":[],"class_list":["post-472","post","type-post","status-publish","format-standard","has-post-thumbnail","hentry","category-girlfriends","category-private"],"yoast_head":"<!-- This site is optimized with the Yoast SEO plugin v26.5 - https:\/\/yoast.com\/wordpress\/plugins\/seo\/ -->\n<title>Soraja Vucelic - Menina Neymar<\/title>\n<meta name=\"description\" content=\"O romance do per\u00edodo de Neymar com um modelo s\u00e9rvio Soraja Vucelic.\" \/>\n<meta name=\"robots\" content=\"index, follow, max-snippet:-1, max-image-preview:large, max-video-preview:-1\" \/>\n<link rel=\"canonical\" href=\"https:\/\/neymarjr.org\/pt-br\/privado\/soraja-vucelic-neymar-garota\/\" \/>\n<meta property=\"og:locale\" content=\"pt_BR\" \/>\n<meta property=\"og:type\" content=\"article\" \/>\n<meta property=\"og:title\" content=\"Soraja Vucelic - Menina Neymar\" \/>\n<meta property=\"og:description\" content=\"O romance do per\u00edodo de Neymar com um modelo s\u00e9rvio Soraja Vucelic.\" \/>\n<meta property=\"og:url\" content=\"https:\/\/neymarjr.org\/pt-br\/privado\/soraja-vucelic-neymar-garota\/\" \/>\n<meta property=\"og:site_name\" content=\"N\u0435ym\u0430r\" \/>\n<meta property=\"article:published_time\" content=\"2021-03-22T10:02:31+00:00\" \/>\n<meta property=\"article:modified_time\" content=\"2021-05-11T11:20:34+00:00\" \/>\n<meta property=\"og:image\" content=\"https:\/\/neymarjr.org\/wp-content\/uploads\/2021\/03\/cen_girlfriendbreasts_02.jpg\" \/>\n\t<meta property=\"og:image:width\" content=\"2000\" \/>\n\t<meta property=\"og:image:height\" content=\"1700\" \/>\n\t<meta property=\"og:image:type\" content=\"image\/jpeg\" \/>\n<meta name=\"author\" content=\"Martim Caldeira\" \/>\n<meta name=\"twitter:card\" content=\"summary_large_image\" \/>\n<meta name=\"twitter:label1\" content=\"Escrito por\" \/>\n\t<meta name=\"twitter:data1\" content=\"Martim Caldeira\" \/>\n\t<meta name=\"twitter:label2\" content=\"Est. tempo de leitura\" \/>\n\t<meta name=\"twitter:data2\" content=\"1 minuto\" \/>\n<script type=\"application\/ld+json\" class=\"yoast-schema-graph\">{\"@context\":\"https:\/\/schema.org\",\"@graph\":[{\"@type\":\"Article\",\"@id\":\"https:\/\/neymarjr.org\/pt-br\/privado\/soraja-vucelic-neymar-garota\/#article\",\"isPartOf\":{\"@id\":\"https:\/\/neymarjr.org\/pt-br\/privado\/soraja-vucelic-neymar-garota\/\"},\"author\":{\"name\":\"Martim Caldeira\",\"@id\":\"https:\/\/neymarjr.org\/#\/schema\/person\/26b98c8504f22296c90e93fdfaae4058\"},\"headline\":\"Soraja Vucelic &#8211; Menina Neymar\",\"datePublished\":\"2021-03-22T10:02:31+00:00\",\"dateModified\":\"2021-05-11T11:20:34+00:00\",\"mainEntityOfPage\":{\"@id\":\"https:\/\/neymarjr.org\/pt-br\/privado\/soraja-vucelic-neymar-garota\/\"},\"wordCount\":113,\"commentCount\":0,\"publisher\":{\"@id\":\"https:\/\/neymarjr.org\/#organization\"},\"image\":{\"@id\":\"https:\/\/neymarjr.org\/pt-br\/privado\/soraja-vucelic-neymar-garota\/#primaryimage\"},\"thumbnailUrl\":\"https:\/\/neymarjr.org\/wp-content\/uploads\/2021\/03\/cen_girlfriendbreasts_02.jpg\",\"articleSection\":[\"Girlfriends\",\"Neymar Private life\"],\"inLanguage\":\"pt-BR\",\"potentialAction\":[{\"@type\":\"CommentAction\",\"name\":\"Comment\",\"target\":[\"https:\/\/neymarjr.org\/pt-br\/privado\/soraja-vucelic-neymar-garota\/#respond\"]}]},{\"@type\":\"WebPage\",\"@id\":\"https:\/\/neymarjr.org\/pt-br\/privado\/soraja-vucelic-neymar-garota\/\",\"url\":\"https:\/\/neymarjr.org\/pt-br\/privado\/soraja-vucelic-neymar-garota\/\",\"name\":\"Soraja Vucelic - Menina Neymar\",\"isPartOf\":{\"@id\":\"https:\/\/neymarjr.org\/#website\"},\"primaryImageOfPage\":{\"@id\":\"https:\/\/neymarjr.org\/pt-br\/privado\/soraja-vucelic-neymar-garota\/#primaryimage\"},\"image\":{\"@id\":\"https:\/\/neymarjr.org\/pt-br\/privado\/soraja-vucelic-neymar-garota\/#primaryimage\"},\"thumbnailUrl\":\"https:\/\/neymarjr.org\/wp-content\/uploads\/2021\/03\/cen_girlfriendbreasts_02.jpg\",\"datePublished\":\"2021-03-22T10:02:31+00:00\",\"dateModified\":\"2021-05-11T11:20:34+00:00\",\"description\":\"O romance do per\u00edodo de Neymar com um modelo s\u00e9rvio Soraja Vucelic.\",\"breadcrumb\":{\"@id\":\"https:\/\/neymarjr.org\/pt-br\/privado\/soraja-vucelic-neymar-garota\/#breadcrumb\"},\"inLanguage\":\"pt-BR\",\"potentialAction\":[{\"@type\":\"ReadAction\",\"target\":[\"https:\/\/neymarjr.org\/pt-br\/privado\/soraja-vucelic-neymar-garota\/\"]}]},{\"@type\":\"ImageObject\",\"inLanguage\":\"pt-BR\",\"@id\":\"https:\/\/neymarjr.org\/pt-br\/privado\/soraja-vucelic-neymar-garota\/#primaryimage\",\"url\":\"https:\/\/neymarjr.org\/wp-content\/uploads\/2021\/03\/cen_girlfriendbreasts_02.jpg\",\"contentUrl\":\"https:\/\/neymarjr.org\/wp-content\/uploads\/2021\/03\/cen_girlfriendbreasts_02.jpg\",\"width\":2000,\"height\":1700},{\"@type\":\"BreadcrumbList\",\"@id\":\"https:\/\/neymarjr.org\/pt-br\/privado\/soraja-vucelic-neymar-garota\/#breadcrumb\",\"itemListElement\":[{\"@type\":\"ListItem\",\"position\":1,\"name\":\"Home\",\"item\":\"https:\/\/neymarjr.org\/\"},{\"@type\":\"ListItem\",\"position\":2,\"name\":\"Soraja Vucelic &#8211; Menina Neymar\"}]},{\"@type\":\"WebSite\",\"@id\":\"https:\/\/neymarjr.org\/#website\",\"url\":\"https:\/\/neymarjr.org\/\",\"name\":\"N\u0435ym\u0430r\",\"description\":\"\",\"publisher\":{\"@id\":\"https:\/\/neymarjr.org\/#organization\"},\"potentialAction\":[{\"@type\":\"SearchAction\",\"target\":{\"@type\":\"EntryPoint\",\"urlTemplate\":\"https:\/\/neymarjr.org\/?s={search_term_string}\"},\"query-input\":{\"@type\":\"PropertyValueSpecification\",\"valueRequired\":true,\"valueName\":\"search_term_string\"}}],\"inLanguage\":\"pt-BR\"},{\"@type\":\"Organization\",\"@id\":\"https:\/\/neymarjr.org\/#organization\",\"name\":\"N\u0435ym\u0430r\",\"url\":\"https:\/\/neymarjr.org\/\",\"logo\":{\"@type\":\"ImageObject\",\"inLanguage\":\"pt-BR\",\"@id\":\"https:\/\/neymarjr.org\/#\/schema\/logo\/image\/\",\"url\":\"https:\/\/neymarjr.org\/wp-content\/uploads\/2021\/03\/Group-31.png\",\"contentUrl\":\"https:\/\/neymarjr.org\/wp-content\/uploads\/2021\/03\/Group-31.png\",\"width\":154,\"height\":36,\"caption\":\"N\u0435ym\u0430r\"},\"image\":{\"@id\":\"https:\/\/neymarjr.org\/#\/schema\/logo\/image\/\"}},{\"@type\":\"Person\",\"@id\":\"https:\/\/neymarjr.org\/#\/schema\/person\/26b98c8504f22296c90e93fdfaae4058\",\"name\":\"Martim Caldeira\",\"image\":{\"@type\":\"ImageObject\",\"inLanguage\":\"pt-BR\",\"@id\":\"https:\/\/neymarjr.org\/#\/schema\/person\/image\/\",\"url\":\"https:\/\/secure.gravatar.com\/avatar\/bd38ab5e85e236cce8c6cc20127c72e2ccb6e3cc22e51443b507b45166e23ce5?s=96&d=mm&r=g\",\"contentUrl\":\"https:\/\/secure.gravatar.com\/avatar\/bd38ab5e85e236cce8c6cc20127c72e2ccb6e3cc22e51443b507b45166e23ce5?s=96&d=mm&r=g\",\"caption\":\"Martim Caldeira\"},\"url\":\"https:\/\/neymarjr.org\/pt-br\/author\/seoswat\/\"}]}<\/script>\n<!-- \/ Yoast SEO plugin. -->","yoast_head_json":{"title":"Soraja Vucelic - Menina Neymar","description":"O romance do per\u00edodo de Neymar com um modelo s\u00e9rvio Soraja Vucelic.","robots":{"index":"index","follow":"follow","max-snippet":"max-snippet:-1","max-image-preview":"max-image-preview:large","max-video-preview":"max-video-preview:-1"},"canonical":"https:\/\/neymarjr.org\/pt-br\/privado\/soraja-vucelic-neymar-garota\/","og_locale":"pt_BR","og_type":"article","og_title":"Soraja Vucelic - Menina Neymar","og_description":"O romance do per\u00edodo de Neymar com um modelo s\u00e9rvio Soraja Vucelic.","og_url":"https:\/\/neymarjr.org\/pt-br\/privado\/soraja-vucelic-neymar-garota\/","og_site_name":"N\u0435ym\u0430r","article_published_time":"2021-03-22T10:02:31+00:00","article_modified_time":"2021-05-11T11:20:34+00:00","og_image":[{"width":2000,"height":1700,"url":"https:\/\/neymarjr.org\/wp-content\/uploads\/2021\/03\/cen_girlfriendbreasts_02.jpg","type":"image\/jpeg"}],"author":"Martim Caldeira","twitter_card":"summary_large_image","twitter_misc":{"Escrito por":"Martim Caldeira","Est. tempo de leitura":"1 minuto"},"schema":{"@context":"https:\/\/schema.org","@graph":[{"@type":"Article","@id":"https:\/\/neymarjr.org\/pt-br\/privado\/soraja-vucelic-neymar-garota\/#article","isPartOf":{"@id":"https:\/\/neymarjr.org\/pt-br\/privado\/soraja-vucelic-neymar-garota\/"},"author":{"name":"Martim Caldeira","@id":"https:\/\/neymarjr.org\/#\/schema\/person\/26b98c8504f22296c90e93fdfaae4058"},"headline":"Soraja Vucelic &#8211; Menina Neymar","datePublished":"2021-03-22T10:02:31+00:00","dateModified":"2021-05-11T11:20:34+00:00","mainEntityOfPage":{"@id":"https:\/\/neymarjr.org\/pt-br\/privado\/soraja-vucelic-neymar-garota\/"},"wordCount":113,"commentCount":0,"publisher":{"@id":"https:\/\/neymarjr.org\/#organization"},"image":{"@id":"https:\/\/neymarjr.org\/pt-br\/privado\/soraja-vucelic-neymar-garota\/#primaryimage"},"thumbnailUrl":"https:\/\/neymarjr.org\/wp-content\/uploads\/2021\/03\/cen_girlfriendbreasts_02.jpg","articleSection":["Girlfriends","Neymar Private life"],"inLanguage":"pt-BR","potentialAction":[{"@type":"CommentAction","name":"Comment","target":["https:\/\/neymarjr.org\/pt-br\/privado\/soraja-vucelic-neymar-garota\/#respond"]}]},{"@type":"WebPage","@id":"https:\/\/neymarjr.org\/pt-br\/privado\/soraja-vucelic-neymar-garota\/","url":"https:\/\/neymarjr.org\/pt-br\/privado\/soraja-vucelic-neymar-garota\/","name":"Soraja Vucelic - Menina Neymar","isPartOf":{"@id":"https:\/\/neymarjr.org\/#website"},"primaryImageOfPage":{"@id":"https:\/\/neymarjr.org\/pt-br\/privado\/soraja-vucelic-neymar-garota\/#primaryimage"},"image":{"@id":"https:\/\/neymarjr.org\/pt-br\/privado\/soraja-vucelic-neymar-garota\/#primaryimage"},"thumbnailUrl":"https:\/\/neymarjr.org\/wp-content\/uploads\/2021\/03\/cen_girlfriendbreasts_02.jpg","datePublished":"2021-03-22T10:02:31+00:00","dateModified":"2021-05-11T11:20:34+00:00","description":"O romance do per\u00edodo de Neymar com um modelo s\u00e9rvio Soraja Vucelic.","breadcrumb":{"@id":"https:\/\/neymarjr.org\/pt-br\/privado\/soraja-vucelic-neymar-garota\/#breadcrumb"},"inLanguage":"pt-BR","potentialAction":[{"@type":"ReadAction","target":["https:\/\/neymarjr.org\/pt-br\/privado\/soraja-vucelic-neymar-garota\/"]}]},{"@type":"ImageObject","inLanguage":"pt-BR","@id":"https:\/\/neymarjr.org\/pt-br\/privado\/soraja-vucelic-neymar-garota\/#primaryimage","url":"https:\/\/neymarjr.org\/wp-content\/uploads\/2021\/03\/cen_girlfriendbreasts_02.jpg","contentUrl":"https:\/\/neymarjr.org\/wp-content\/uploads\/2021\/03\/cen_girlfriendbreasts_02.jpg","width":2000,"height":1700},{"@type":"BreadcrumbList","@id":"https:\/\/neymarjr.org\/pt-br\/privado\/soraja-vucelic-neymar-garota\/#breadcrumb","itemListElement":[{"@type":"ListItem","position":1,"name":"Home","item":"https:\/\/neymarjr.org\/"},{"@type":"ListItem","position":2,"name":"Soraja Vucelic &#8211; Menina Neymar"}]},{"@type":"WebSite","@id":"https:\/\/neymarjr.org\/#website","url":"https:\/\/neymarjr.org\/","name":"N\u0435ym\u0430r","description":"","publisher":{"@id":"https:\/\/neymarjr.org\/#organization"},"potentialAction":[{"@type":"SearchAction","target":{"@type":"EntryPoint","urlTemplate":"https:\/\/neymarjr.org\/?s={search_term_string}"},"query-input":{"@type":"PropertyValueSpecification","valueRequired":true,"valueName":"search_term_string"}}],"inLanguage":"pt-BR"},{"@type":"Organization","@id":"https:\/\/neymarjr.org\/#organization","name":"N\u0435ym\u0430r","url":"https:\/\/neymarjr.org\/","logo":{"@type":"ImageObject","inLanguage":"pt-BR","@id":"https:\/\/neymarjr.org\/#\/schema\/logo\/image\/","url":"https:\/\/neymarjr.org\/wp-content\/uploads\/2021\/03\/Group-31.png","contentUrl":"https:\/\/neymarjr.org\/wp-content\/uploads\/2021\/03\/Group-31.png","width":154,"height":36,"caption":"N\u0435ym\u0430r"},"image":{"@id":"https:\/\/neymarjr.org\/#\/schema\/logo\/image\/"}},{"@type":"Person","@id":"https:\/\/neymarjr.org\/#\/schema\/person\/26b98c8504f22296c90e93fdfaae4058","name":"Martim Caldeira","image":{"@type":"ImageObject","inLanguage":"pt-BR","@id":"https:\/\/neymarjr.org\/#\/schema\/person\/image\/","url":"https:\/\/secure.gravatar.com\/avatar\/bd38ab5e85e236cce8c6cc20127c72e2ccb6e3cc22e51443b507b45166e23ce5?s=96&d=mm&r=g","contentUrl":"https:\/\/secure.gravatar.com\/avatar\/bd38ab5e85e236cce8c6cc20127c72e2ccb6e3cc22e51443b507b45166e23ce5?s=96&d=mm&r=g","caption":"Martim Caldeira"},"url":"https:\/\/neymarjr.org\/pt-br\/author\/seoswat\/"}]}},"_links":{"self":[{"href":"https:\/\/neymarjr.org\/pt-br\/wp-json\/wp\/v2\/posts\/472","targetHints":{"allow":["GET"]}}],"collection":[{"href":"https:\/\/neymarjr.org\/pt-br\/wp-json\/wp\/v2\/posts"}],"about":[{"href":"https:\/\/neymarjr.org\/pt-br\/wp-json\/wp\/v2\/types\/post"}],"author":[{"embeddable":true,"href":"https:\/\/neymarjr.org\/pt-br\/wp-json\/wp\/v2\/users\/3"}],"replies":[{"embeddable":true,"href":"https:\/\/neymarjr.org\/pt-br\/wp-json\/wp\/v2\/comments?post=472"}],"version-history":[{"count":2,"href":"https:\/\/neymarjr.org\/pt-br\/wp-json\/wp\/v2\/posts\/472\/revisions"}],"predecessor-version":[{"id":692,"href":"https:\/\/neymarjr.org\/pt-br\/wp-json\/wp\/v2\/posts\/472\/revisions\/692"}],"wp:featuredmedia":[{"embeddable":true,"href":"https:\/\/neymarjr.org\/pt-br\/wp-json\/wp\/v2\/media\/481"}],"wp:attachment":[{"href":"https:\/\/neymarjr.org\/pt-br\/wp-json\/wp\/v2\/media?parent=472"}],"wp:term":[{"taxonomy":"category","embeddable":true,"href":"https:\/\/neymarjr.org\/pt-br\/wp-json\/wp\/v2\/categories?post=472"},{"taxonomy":"post_tag","embeddable":true,"href":"https:\/\/neymarjr.org\/pt-br\/wp-json\/wp\/v2\/tags?post=472"}],"curies":[{"name":"wp","href":"https:\/\/api.w.org\/{rel}","templated":true}]}}