{"id":705,"date":"2021-05-08T16:12:14","date_gmt":"2021-05-08T13:12:14","guid":{"rendered":"http:\/\/neymarjr.org\/?p=705"},"modified":"2021-05-17T14:11:37","modified_gmt":"2021-05-17T11:11:37","slug":"neymar-paris-saint-germain-avanca-assinando-novo-contrato-no-clube-ligue-1-ate-2025","status":"publish","type":"post","link":"https:\/\/neymarjr.org\/pt-br\/news-pt-br\/neymar-paris-saint-germain-avanca-assinando-novo-contrato-no-clube-ligue-1-ate-2025\/","title":{"rendered":"Neymar: Paris Saint-Germain avan\u00e7a assinando novo contrato no clube Ligue 1 at\u00e9 2025"},"content":{"rendered":"\n<p>O jogador de 29 anos declarou anteriormente em janeiro que era sua prefer\u00eancia permanecer no Parc des Princes, tendo sido ligado a um retorno ao antigo clube Barcelona no ver\u00e3o passado.<\/p>\n\n\n\n<p>A confirma\u00e7\u00e3o de um\nnovo contrato tamb\u00e9m segue os coment\u00e1rios feitos pelo diretor esportivo do PSG,\nLeonardo, em mar\u00e7o, onde ele revelou estar esperan\u00e7oso de que uma prorroga\u00e7\u00e3o\npoderia ser alcan\u00e7ada.<\/p>\n\n\n\n<p>Neymar entrou no PSG\nvindo do Barcelona em 2017, em uma mudan\u00e7a recorde mundial de 200 milh\u00f5es de libras\nesterlinas.<\/p>\n\n\n\n<p>Falando para o site\noficial do clube, Neymar disse: &#8220;Estou muito feliz por estar prorrogando\nmeu contrato com Paris at\u00e9 2025&#8221;.<\/p>\n\n\n\n<p>&#8220;A verdade \u00e9\nque estou muito feliz de estar aqui por mais quatro anos, de fazer parte do\nprojeto do clube, de tentar ganhar t\u00edtulos, de tentar realizar nosso maior sonho,\nque \u00e9 a Liga dos Campe\u00f5es&#8221;.<\/p>\n\n\n\n<p>&#8220;Portanto,\nestou muito feliz por ficar no clube, por fazer parte dele e por prorrogar meu\ncontrato&#8221;.<\/p>\n","protected":false},"excerpt":{"rendered":"<p>O jogador de 29 anos declarou anteriormente em janeiro que era sua prefer\u00eancia permanecer no Parc des Princes, tendo sido ligado a um retorno ao &hellip; <\/p>\n","protected":false},"author":3,"featured_media":710,"comment_status":"open","ping_status":"open","sticky":false,"template":"","format":"standard","meta":{"footnotes":""},"categories":[26],"tags":[],"class_list":["post-705","post","type-post","status-publish","format-standard","has-post-thumbnail","hentry","category-news-pt-br"],"yoast_head":"<!-- This site is optimized with the Yoast SEO plugin v26.5 - https:\/\/yoast.com\/wordpress\/plugins\/seo\/ -->\n<title>Neymar: Paris Saint-Germain avan\u00e7a assinando novo contrato no clube Ligue 1 at\u00e9 2025<\/title>\n<meta name=\"description\" content=\"Neymar assinou um novo contrato com o Paris Saint-Germain, comprometendo-se com o clube da Ligue 1 at\u00e9 2025.\" \/>\n<meta name=\"robots\" content=\"index, follow, max-snippet:-1, max-image-preview:large, max-video-preview:-1\" \/>\n<link rel=\"canonical\" href=\"https:\/\/neymarjr.org\/pt-br\/news-pt-br\/neymar-paris-saint-germain-avanca-assinando-novo-contrato-no-clube-ligue-1-ate-2025\/\" \/>\n<meta property=\"og:locale\" content=\"pt_BR\" \/>\n<meta property=\"og:type\" content=\"article\" \/>\n<meta property=\"og:title\" content=\"Neymar: Paris Saint-Germain avan\u00e7a assinando novo contrato no clube Ligue 1 at\u00e9 2025\" \/>\n<meta property=\"og:description\" content=\"Neymar assinou um novo contrato com o Paris Saint-Germain, comprometendo-se com o clube da Ligue 1 at\u00e9 2025.\" \/>\n<meta property=\"og:url\" content=\"https:\/\/neymarjr.org\/pt-br\/news-pt-br\/neymar-paris-saint-germain-avanca-assinando-novo-contrato-no-clube-ligue-1-ate-2025\/\" \/>\n<meta property=\"og:site_name\" content=\"N\u0435ym\u0430r\" \/>\n<meta property=\"article:published_time\" content=\"2021-05-08T13:12:14+00:00\" \/>\n<meta property=\"article:modified_time\" content=\"2021-05-17T11:11:37+00:00\" \/>\n<meta property=\"og:image\" content=\"https:\/\/neymarjr.org\/wp-content\/uploads\/2021\/05\/Neymar.jpg\" \/>\n\t<meta property=\"og:image:width\" content=\"1440\" \/>\n\t<meta property=\"og:image:height\" content=\"745\" \/>\n\t<meta property=\"og:image:type\" content=\"image\/jpeg\" \/>\n<meta name=\"author\" content=\"Martim Caldeira\" \/>\n<meta name=\"twitter:card\" content=\"summary_large_image\" \/>\n<meta name=\"twitter:label1\" content=\"Escrito por\" \/>\n\t<meta name=\"twitter:data1\" content=\"Martim Caldeira\" \/>\n\t<meta name=\"twitter:label2\" content=\"Est. tempo de leitura\" \/>\n\t<meta name=\"twitter:data2\" content=\"1 minuto\" \/>\n<script type=\"application\/ld+json\" class=\"yoast-schema-graph\">{\"@context\":\"https:\/\/schema.org\",\"@graph\":[{\"@type\":\"Article\",\"@id\":\"https:\/\/neymarjr.org\/pt-br\/news-pt-br\/neymar-paris-saint-germain-avanca-assinando-novo-contrato-no-clube-ligue-1-ate-2025\/#article\",\"isPartOf\":{\"@id\":\"https:\/\/neymarjr.org\/pt-br\/news-pt-br\/neymar-paris-saint-germain-avanca-assinando-novo-contrato-no-clube-ligue-1-ate-2025\/\"},\"author\":{\"name\":\"Martim Caldeira\",\"@id\":\"https:\/\/neymarjr.org\/#\/schema\/person\/26b98c8504f22296c90e93fdfaae4058\"},\"headline\":\"Neymar: Paris Saint-Germain avan\u00e7a assinando novo contrato no clube Ligue 1 at\u00e9 2025\",\"datePublished\":\"2021-05-08T13:12:14+00:00\",\"dateModified\":\"2021-05-17T11:11:37+00:00\",\"mainEntityOfPage\":{\"@id\":\"https:\/\/neymarjr.org\/pt-br\/news-pt-br\/neymar-paris-saint-germain-avanca-assinando-novo-contrato-no-clube-ligue-1-ate-2025\/\"},\"wordCount\":176,\"commentCount\":0,\"publisher\":{\"@id\":\"https:\/\/neymarjr.org\/#organization\"},\"image\":{\"@id\":\"https:\/\/neymarjr.org\/pt-br\/news-pt-br\/neymar-paris-saint-germain-avanca-assinando-novo-contrato-no-clube-ligue-1-ate-2025\/#primaryimage\"},\"thumbnailUrl\":\"https:\/\/neymarjr.org\/wp-content\/uploads\/2021\/05\/Neymar.jpg\",\"articleSection\":[\"\u00daltimas not\u00edcias\"],\"inLanguage\":\"pt-BR\",\"potentialAction\":[{\"@type\":\"CommentAction\",\"name\":\"Comment\",\"target\":[\"https:\/\/neymarjr.org\/pt-br\/news-pt-br\/neymar-paris-saint-germain-avanca-assinando-novo-contrato-no-clube-ligue-1-ate-2025\/#respond\"]}]},{\"@type\":\"WebPage\",\"@id\":\"https:\/\/neymarjr.org\/pt-br\/news-pt-br\/neymar-paris-saint-germain-avanca-assinando-novo-contrato-no-clube-ligue-1-ate-2025\/\",\"url\":\"https:\/\/neymarjr.org\/pt-br\/news-pt-br\/neymar-paris-saint-germain-avanca-assinando-novo-contrato-no-clube-ligue-1-ate-2025\/\",\"name\":\"Neymar: Paris Saint-Germain avan\u00e7a assinando novo contrato no clube Ligue 1 at\u00e9 2025\",\"isPartOf\":{\"@id\":\"https:\/\/neymarjr.org\/#website\"},\"primaryImageOfPage\":{\"@id\":\"https:\/\/neymarjr.org\/pt-br\/news-pt-br\/neymar-paris-saint-germain-avanca-assinando-novo-contrato-no-clube-ligue-1-ate-2025\/#primaryimage\"},\"image\":{\"@id\":\"https:\/\/neymarjr.org\/pt-br\/news-pt-br\/neymar-paris-saint-germain-avanca-assinando-novo-contrato-no-clube-ligue-1-ate-2025\/#primaryimage\"},\"thumbnailUrl\":\"https:\/\/neymarjr.org\/wp-content\/uploads\/2021\/05\/Neymar.jpg\",\"datePublished\":\"2021-05-08T13:12:14+00:00\",\"dateModified\":\"2021-05-17T11:11:37+00:00\",\"description\":\"Neymar assinou um novo contrato com o Paris Saint-Germain, comprometendo-se com o clube da Ligue 1 at\u00e9 2025.\",\"breadcrumb\":{\"@id\":\"https:\/\/neymarjr.org\/pt-br\/news-pt-br\/neymar-paris-saint-germain-avanca-assinando-novo-contrato-no-clube-ligue-1-ate-2025\/#breadcrumb\"},\"inLanguage\":\"pt-BR\",\"potentialAction\":[{\"@type\":\"ReadAction\",\"target\":[\"https:\/\/neymarjr.org\/pt-br\/news-pt-br\/neymar-paris-saint-germain-avanca-assinando-novo-contrato-no-clube-ligue-1-ate-2025\/\"]}]},{\"@type\":\"ImageObject\",\"inLanguage\":\"pt-BR\",\"@id\":\"https:\/\/neymarjr.org\/pt-br\/news-pt-br\/neymar-paris-saint-germain-avanca-assinando-novo-contrato-no-clube-ligue-1-ate-2025\/#primaryimage\",\"url\":\"https:\/\/neymarjr.org\/wp-content\/uploads\/2021\/05\/Neymar.jpg\",\"contentUrl\":\"https:\/\/neymarjr.org\/wp-content\/uploads\/2021\/05\/Neymar.jpg\",\"width\":1440,\"height\":745},{\"@type\":\"BreadcrumbList\",\"@id\":\"https:\/\/neymarjr.org\/pt-br\/news-pt-br\/neymar-paris-saint-germain-avanca-assinando-novo-contrato-no-clube-ligue-1-ate-2025\/#breadcrumb\",\"itemListElement\":[{\"@type\":\"ListItem\",\"position\":1,\"name\":\"Home\",\"item\":\"https:\/\/neymarjr.org\/\"},{\"@type\":\"ListItem\",\"position\":2,\"name\":\"Neymar: Paris Saint-Germain avan\u00e7a assinando novo contrato no clube Ligue 1 at\u00e9 2025\"}]},{\"@type\":\"WebSite\",\"@id\":\"https:\/\/neymarjr.org\/#website\",\"url\":\"https:\/\/neymarjr.org\/\",\"name\":\"N\u0435ym\u0430r\",\"description\":\"\",\"publisher\":{\"@id\":\"https:\/\/neymarjr.org\/#organization\"},\"potentialAction\":[{\"@type\":\"SearchAction\",\"target\":{\"@type\":\"EntryPoint\",\"urlTemplate\":\"https:\/\/neymarjr.org\/?s={search_term_string}\"},\"query-input\":{\"@type\":\"PropertyValueSpecification\",\"valueRequired\":true,\"valueName\":\"search_term_string\"}}],\"inLanguage\":\"pt-BR\"},{\"@type\":\"Organization\",\"@id\":\"https:\/\/neymarjr.org\/#organization\",\"name\":\"N\u0435ym\u0430r\",\"url\":\"https:\/\/neymarjr.org\/\",\"logo\":{\"@type\":\"ImageObject\",\"inLanguage\":\"pt-BR\",\"@id\":\"https:\/\/neymarjr.org\/#\/schema\/logo\/image\/\",\"url\":\"https:\/\/neymarjr.org\/wp-content\/uploads\/2021\/03\/Group-31.png\",\"contentUrl\":\"https:\/\/neymarjr.org\/wp-content\/uploads\/2021\/03\/Group-31.png\",\"width\":154,\"height\":36,\"caption\":\"N\u0435ym\u0430r\"},\"image\":{\"@id\":\"https:\/\/neymarjr.org\/#\/schema\/logo\/image\/\"}},{\"@type\":\"Person\",\"@id\":\"https:\/\/neymarjr.org\/#\/schema\/person\/26b98c8504f22296c90e93fdfaae4058\",\"name\":\"Martim Caldeira\",\"image\":{\"@type\":\"ImageObject\",\"inLanguage\":\"pt-BR\",\"@id\":\"https:\/\/neymarjr.org\/#\/schema\/person\/image\/\",\"url\":\"https:\/\/secure.gravatar.com\/avatar\/bd38ab5e85e236cce8c6cc20127c72e2ccb6e3cc22e51443b507b45166e23ce5?s=96&d=mm&r=g\",\"contentUrl\":\"https:\/\/secure.gravatar.com\/avatar\/bd38ab5e85e236cce8c6cc20127c72e2ccb6e3cc22e51443b507b45166e23ce5?s=96&d=mm&r=g\",\"caption\":\"Martim Caldeira\"},\"url\":\"https:\/\/neymarjr.org\/pt-br\/author\/seoswat\/\"}]}<\/script>\n<!-- \/ Yoast SEO plugin. -->","yoast_head_json":{"title":"Neymar: Paris Saint-Germain avan\u00e7a assinando novo contrato no clube Ligue 1 at\u00e9 2025","description":"Neymar assinou um novo contrato com o Paris Saint-Germain, comprometendo-se com o clube da Ligue 1 at\u00e9 2025.","robots":{"index":"index","follow":"follow","max-snippet":"max-snippet:-1","max-image-preview":"max-image-preview:large","max-video-preview":"max-video-preview:-1"},"canonical":"https:\/\/neymarjr.org\/pt-br\/news-pt-br\/neymar-paris-saint-germain-avanca-assinando-novo-contrato-no-clube-ligue-1-ate-2025\/","og_locale":"pt_BR","og_type":"article","og_title":"Neymar: Paris Saint-Germain avan\u00e7a assinando novo contrato no clube Ligue 1 at\u00e9 2025","og_description":"Neymar assinou um novo contrato com o Paris Saint-Germain, comprometendo-se com o clube da Ligue 1 at\u00e9 2025.","og_url":"https:\/\/neymarjr.org\/pt-br\/news-pt-br\/neymar-paris-saint-germain-avanca-assinando-novo-contrato-no-clube-ligue-1-ate-2025\/","og_site_name":"N\u0435ym\u0430r","article_published_time":"2021-05-08T13:12:14+00:00","article_modified_time":"2021-05-17T11:11:37+00:00","og_image":[{"width":1440,"height":745,"url":"https:\/\/neymarjr.org\/wp-content\/uploads\/2021\/05\/Neymar.jpg","type":"image\/jpeg"}],"author":"Martim Caldeira","twitter_card":"summary_large_image","twitter_misc":{"Escrito por":"Martim Caldeira","Est. tempo de leitura":"1 minuto"},"schema":{"@context":"https:\/\/schema.org","@graph":[{"@type":"Article","@id":"https:\/\/neymarjr.org\/pt-br\/news-pt-br\/neymar-paris-saint-germain-avanca-assinando-novo-contrato-no-clube-ligue-1-ate-2025\/#article","isPartOf":{"@id":"https:\/\/neymarjr.org\/pt-br\/news-pt-br\/neymar-paris-saint-germain-avanca-assinando-novo-contrato-no-clube-ligue-1-ate-2025\/"},"author":{"name":"Martim Caldeira","@id":"https:\/\/neymarjr.org\/#\/schema\/person\/26b98c8504f22296c90e93fdfaae4058"},"headline":"Neymar: Paris Saint-Germain avan\u00e7a assinando novo contrato no clube Ligue 1 at\u00e9 2025","datePublished":"2021-05-08T13:12:14+00:00","dateModified":"2021-05-17T11:11:37+00:00","mainEntityOfPage":{"@id":"https:\/\/neymarjr.org\/pt-br\/news-pt-br\/neymar-paris-saint-germain-avanca-assinando-novo-contrato-no-clube-ligue-1-ate-2025\/"},"wordCount":176,"commentCount":0,"publisher":{"@id":"https:\/\/neymarjr.org\/#organization"},"image":{"@id":"https:\/\/neymarjr.org\/pt-br\/news-pt-br\/neymar-paris-saint-germain-avanca-assinando-novo-contrato-no-clube-ligue-1-ate-2025\/#primaryimage"},"thumbnailUrl":"https:\/\/neymarjr.org\/wp-content\/uploads\/2021\/05\/Neymar.jpg","articleSection":["\u00daltimas not\u00edcias"],"inLanguage":"pt-BR","potentialAction":[{"@type":"CommentAction","name":"Comment","target":["https:\/\/neymarjr.org\/pt-br\/news-pt-br\/neymar-paris-saint-germain-avanca-assinando-novo-contrato-no-clube-ligue-1-ate-2025\/#respond"]}]},{"@type":"WebPage","@id":"https:\/\/neymarjr.org\/pt-br\/news-pt-br\/neymar-paris-saint-germain-avanca-assinando-novo-contrato-no-clube-ligue-1-ate-2025\/","url":"https:\/\/neymarjr.org\/pt-br\/news-pt-br\/neymar-paris-saint-germain-avanca-assinando-novo-contrato-no-clube-ligue-1-ate-2025\/","name":"Neymar: Paris Saint-Germain avan\u00e7a assinando novo contrato no clube Ligue 1 at\u00e9 2025","isPartOf":{"@id":"https:\/\/neymarjr.org\/#website"},"primaryImageOfPage":{"@id":"https:\/\/neymarjr.org\/pt-br\/news-pt-br\/neymar-paris-saint-germain-avanca-assinando-novo-contrato-no-clube-ligue-1-ate-2025\/#primaryimage"},"image":{"@id":"https:\/\/neymarjr.org\/pt-br\/news-pt-br\/neymar-paris-saint-germain-avanca-assinando-novo-contrato-no-clube-ligue-1-ate-2025\/#primaryimage"},"thumbnailUrl":"https:\/\/neymarjr.org\/wp-content\/uploads\/2021\/05\/Neymar.jpg","datePublished":"2021-05-08T13:12:14+00:00","dateModified":"2021-05-17T11:11:37+00:00","description":"Neymar assinou um novo contrato com o Paris Saint-Germain, comprometendo-se com o clube da Ligue 1 at\u00e9 2025.","breadcrumb":{"@id":"https:\/\/neymarjr.org\/pt-br\/news-pt-br\/neymar-paris-saint-germain-avanca-assinando-novo-contrato-no-clube-ligue-1-ate-2025\/#breadcrumb"},"inLanguage":"pt-BR","potentialAction":[{"@type":"ReadAction","target":["https:\/\/neymarjr.org\/pt-br\/news-pt-br\/neymar-paris-saint-germain-avanca-assinando-novo-contrato-no-clube-ligue-1-ate-2025\/"]}]},{"@type":"ImageObject","inLanguage":"pt-BR","@id":"https:\/\/neymarjr.org\/pt-br\/news-pt-br\/neymar-paris-saint-germain-avanca-assinando-novo-contrato-no-clube-ligue-1-ate-2025\/#primaryimage","url":"https:\/\/neymarjr.org\/wp-content\/uploads\/2021\/05\/Neymar.jpg","contentUrl":"https:\/\/neymarjr.org\/wp-content\/uploads\/2021\/05\/Neymar.jpg","width":1440,"height":745},{"@type":"BreadcrumbList","@id":"https:\/\/neymarjr.org\/pt-br\/news-pt-br\/neymar-paris-saint-germain-avanca-assinando-novo-contrato-no-clube-ligue-1-ate-2025\/#breadcrumb","itemListElement":[{"@type":"ListItem","position":1,"name":"Home","item":"https:\/\/neymarjr.org\/"},{"@type":"ListItem","position":2,"name":"Neymar: Paris Saint-Germain avan\u00e7a assinando novo contrato no clube Ligue 1 at\u00e9 2025"}]},{"@type":"WebSite","@id":"https:\/\/neymarjr.org\/#website","url":"https:\/\/neymarjr.org\/","name":"N\u0435ym\u0430r","description":"","publisher":{"@id":"https:\/\/neymarjr.org\/#organization"},"potentialAction":[{"@type":"SearchAction","target":{"@type":"EntryPoint","urlTemplate":"https:\/\/neymarjr.org\/?s={search_term_string}"},"query-input":{"@type":"PropertyValueSpecification","valueRequired":true,"valueName":"search_term_string"}}],"inLanguage":"pt-BR"},{"@type":"Organization","@id":"https:\/\/neymarjr.org\/#organization","name":"N\u0435ym\u0430r","url":"https:\/\/neymarjr.org\/","logo":{"@type":"ImageObject","inLanguage":"pt-BR","@id":"https:\/\/neymarjr.org\/#\/schema\/logo\/image\/","url":"https:\/\/neymarjr.org\/wp-content\/uploads\/2021\/03\/Group-31.png","contentUrl":"https:\/\/neymarjr.org\/wp-content\/uploads\/2021\/03\/Group-31.png","width":154,"height":36,"caption":"N\u0435ym\u0430r"},"image":{"@id":"https:\/\/neymarjr.org\/#\/schema\/logo\/image\/"}},{"@type":"Person","@id":"https:\/\/neymarjr.org\/#\/schema\/person\/26b98c8504f22296c90e93fdfaae4058","name":"Martim Caldeira","image":{"@type":"ImageObject","inLanguage":"pt-BR","@id":"https:\/\/neymarjr.org\/#\/schema\/person\/image\/","url":"https:\/\/secure.gravatar.com\/avatar\/bd38ab5e85e236cce8c6cc20127c72e2ccb6e3cc22e51443b507b45166e23ce5?s=96&d=mm&r=g","contentUrl":"https:\/\/secure.gravatar.com\/avatar\/bd38ab5e85e236cce8c6cc20127c72e2ccb6e3cc22e51443b507b45166e23ce5?s=96&d=mm&r=g","caption":"Martim Caldeira"},"url":"https:\/\/neymarjr.org\/pt-br\/author\/seoswat\/"}]}},"_links":{"self":[{"href":"https:\/\/neymarjr.org\/pt-br\/wp-json\/wp\/v2\/posts\/705","targetHints":{"allow":["GET"]}}],"collection":[{"href":"https:\/\/neymarjr.org\/pt-br\/wp-json\/wp\/v2\/posts"}],"about":[{"href":"https:\/\/neymarjr.org\/pt-br\/wp-json\/wp\/v2\/types\/post"}],"author":[{"embeddable":true,"href":"https:\/\/neymarjr.org\/pt-br\/wp-json\/wp\/v2\/users\/3"}],"replies":[{"embeddable":true,"href":"https:\/\/neymarjr.org\/pt-br\/wp-json\/wp\/v2\/comments?post=705"}],"version-history":[{"count":2,"href":"https:\/\/neymarjr.org\/pt-br\/wp-json\/wp\/v2\/posts\/705\/revisions"}],"predecessor-version":[{"id":865,"href":"https:\/\/neymarjr.org\/pt-br\/wp-json\/wp\/v2\/posts\/705\/revisions\/865"}],"wp:featuredmedia":[{"embeddable":true,"href":"https:\/\/neymarjr.org\/pt-br\/wp-json\/wp\/v2\/media\/710"}],"wp:attachment":[{"href":"https:\/\/neymarjr.org\/pt-br\/wp-json\/wp\/v2\/media?parent=705"}],"wp:term":[{"taxonomy":"category","embeddable":true,"href":"https:\/\/neymarjr.org\/pt-br\/wp-json\/wp\/v2\/categories?post=705"},{"taxonomy":"post_tag","embeddable":true,"href":"https:\/\/neymarjr.org\/pt-br\/wp-json\/wp\/v2\/tags?post=705"}],"curies":[{"name":"wp","href":"https:\/\/api.w.org\/{rel}","templated":true}]}}